{"id":4949,"date":"2012-01-13T15:15:20","date_gmt":"2012-01-13T18:15:20","guid":{"rendered":"http:\/\/www.encontralapa.com.br\/blog\/?p=4949"},"modified":"2019-04-15T09:51:18","modified_gmt":"2019-04-15T12:51:18","slug":"conheca-os-numeros-mais-expressivos-da-producao-anual-da-subprefeitura-lapa","status":"publish","type":"post","link":"https:\/\/www.encontralapa.com.br\/sobre\/conheca-os-numeros-mais-expressivos-da-producao-anual-da-subprefeitura-lapa\/","title":{"rendered":"Conhe\u00e7a os n\u00fameros mais expressivos da produ\u00e7\u00e3o anual da Subprefeitura Lapa"},"content":{"rendered":"<div class=\"1de5f6e57d654156b3d0cb31ae6c7c01\" data-index=\"1\" style=\"float: none; margin:0px;\">\n<!-- Anuncio display - global -->\r\n<ins class=\"adsbygoogle\"\r\n     style=\"display:block\"\r\n     data-ad-client=\"ca-pub-8585364105181520\"\r\n     data-ad-slot=\"8789329856\"\r\n     data-ad-format=\"auto\"\r\n     data-full-width-responsive=\"true\"><\/ins>\r\n<script>\r\n     (adsbygoogle = window.adsbygoogle || []).push({});\r\n<\/script>\n<\/div>\n<p>No ano passado a \u201cOpera\u00e7\u00e3o Tapa Buraco\u201d concertou 16.412 buracos nas vias p\u00fablicas da <a href=\"http:\/\/www.encontralapa.com.br\/lapa\/subprefeitura-lapa.shtml\" target=\"_blank\">Subprefeitura Lapa<\/a>, totalizando aproximadamente 126.000 M\u00b2.<\/p>\n<p>A Unidade de \u00c1reas Verdes realizou a poda de mais de 3.000 \u00e1rvores, a remo\u00e7\u00e3o de 951 \u00e1rvores e j\u00e1 replantou 847 no territ\u00f3rio da nossa Subprefeitura. Mais 3.542 M\u00b2 de \u00e1rea receberam o plantio de grama e 4.122.462 M\u00b2 de \u00e1rea gramadas foram limpas e cortadas.<\/p>\n<p>Foram feitas tamb\u00e9m a conserva\u00e7\u00e3o de 2.603 m\u00b2 de passeio e 13.316 m\u00b2 de guias e sarjetas, o que melhorou muito a condi\u00e7\u00e3o das cal\u00e7adas em nossa regi\u00e3o.<\/p>\n<p>Foram reformadas 2. 637 bocas de lobo e 3.787 foram limpas mecanicamente; 114 po\u00e7os de visita foram reformados, incluindo a troca de tampas e 815 foram limpos; reformamos 509,5 m de galeria e limpamos 1.615 m. Limpamos ainda 17.544 m de extens\u00e3o de ramais e 117.150 m\u00b2 de \u00e1rea de margens de c\u00f3rregos.<\/p>\n<p>Uma novidade no relat\u00f3rio \u00e9 o servi\u00e7o de pintura antipicha\u00e7\u00e3o que foi feita em 88.082 M\u00b2 de muros e guias de viadutos da Subprefeitura do bairro Lapa.<\/p>\n<p><em>Fonte: Prefeitura de S\u00e3o Paulo<\/em><\/p>\n\n<div style=\"font-size: 0px; height: 0px; line-height: 0px; margin: 0; padding: 0; clear: both;\"><\/div>","protected":false},"excerpt":{"rendered":"<p>No ano passado a \u201cOpera\u00e7\u00e3o Tapa Buraco\u201d concertou 16.412 buracos nas vias p\u00fablicas da Subprefeitura Lapa, totalizando aproximadamente 126.000 M\u00b2. A Unidade de \u00c1reas Verdes realizou a poda de mais de 3.000 \u00e1rvores, a remo\u00e7\u00e3o de 951 \u00e1rvores e j\u00e1 replantou 847 no territ\u00f3rio da nossa Subprefeitura. Mais 3.542 M\u00b2 de \u00e1rea receberam o plantio de grama e 4.122.462 M\u00b2 de \u00e1rea gramadas foram limpas e cortadas. Foram feitas tamb\u00e9m a conserva\u00e7\u00e3o de 2.603 m\u00b2 de passeio e 13.316 m\u00b2 de guias e sarjetas, o que melhorou muito a condi\u00e7\u00e3o das cal\u00e7adas em nossa regi\u00e3o. Foram reformadas 2. 637 bocas <\/p>\n","protected":false},"author":1,"featured_media":0,"comment_status":"open","ping_status":"closed","sticky":false,"template":"","format":"standard","meta":{"footnotes":""},"categories":[3],"tags":[13],"class_list":["post-4949","post","type-post","status-publish","format-standard","hentry","category-noticias-na-lapa","tag-lapa"],"yoast_head":"<!-- This site is optimized with the Yoast SEO plugin v26.5 - https:\/\/yoast.com\/wordpress\/plugins\/seo\/ -->\n<title>Conhe\u00e7a os n\u00fameros mais expressivos da produ\u00e7\u00e3o anual da Subprefeitura Lapa - Encontra Lapa<\/title>\n<meta name=\"robots\" content=\"index, follow, max-snippet:-1, max-image-preview:large, max-video-preview:-1\" \/>\n<link rel=\"canonical\" href=\"https:\/\/www.encontralapa.com.br\/sobre\/conheca-os-numeros-mais-expressivos-da-producao-anual-da-subprefeitura-lapa\/\" \/>\n<meta property=\"og:locale\" content=\"pt_BR\" \/>\n<meta property=\"og:type\" content=\"article\" \/>\n<meta property=\"og:title\" content=\"Conhe\u00e7a os n\u00fameros mais expressivos da produ\u00e7\u00e3o anual da Subprefeitura Lapa - Encontra Lapa\" \/>\n<meta property=\"og:description\" content=\"No ano passado a \u201cOpera\u00e7\u00e3o Tapa Buraco\u201d concertou 16.412 buracos nas vias p\u00fablicas da Subprefeitura Lapa, totalizando aproximadamente 126.000 M\u00b2. A Unidade de \u00c1reas Verdes realizou a poda de mais de 3.000 \u00e1rvores, a remo\u00e7\u00e3o de 951 \u00e1rvores e j\u00e1 replantou 847 no territ\u00f3rio da nossa Subprefeitura. Mais 3.542 M\u00b2 de \u00e1rea receberam o plantio de grama e 4.122.462 M\u00b2 de \u00e1rea gramadas foram limpas e cortadas. Foram feitas tamb\u00e9m a conserva\u00e7\u00e3o de 2.603 m\u00b2 de passeio e 13.316 m\u00b2 de guias e sarjetas, o que melhorou muito a condi\u00e7\u00e3o das cal\u00e7adas em nossa regi\u00e3o. Foram reformadas 2. 637 bocas\" \/>\n<meta property=\"og:url\" content=\"https:\/\/www.encontralapa.com.br\/sobre\/conheca-os-numeros-mais-expressivos-da-producao-anual-da-subprefeitura-lapa\/\" \/>\n<meta property=\"og:site_name\" content=\"Encontra Lapa\" \/>\n<meta property=\"article:published_time\" content=\"2012-01-13T18:15:20+00:00\" \/>\n<meta property=\"article:modified_time\" content=\"2019-04-15T12:51:18+00:00\" \/>\n<meta name=\"author\" content=\"Encontra Lapa\" \/>\n<meta name=\"twitter:card\" content=\"summary_large_image\" \/>\n<meta name=\"twitter:label1\" content=\"Escrito por\" \/>\n\t<meta name=\"twitter:data1\" content=\"Encontra Lapa\" \/>\n\t<meta name=\"twitter:label2\" content=\"Est. tempo de leitura\" \/>\n\t<meta name=\"twitter:data2\" content=\"1 minuto\" \/>\n<script type=\"application\/ld+json\" class=\"yoast-schema-graph\">{\"@context\":\"https:\/\/schema.org\",\"@graph\":[{\"@type\":\"WebPage\",\"@id\":\"https:\/\/www.encontralapa.com.br\/sobre\/conheca-os-numeros-mais-expressivos-da-producao-anual-da-subprefeitura-lapa\/\",\"url\":\"https:\/\/www.encontralapa.com.br\/sobre\/conheca-os-numeros-mais-expressivos-da-producao-anual-da-subprefeitura-lapa\/\",\"name\":\"Conhe\u00e7a os n\u00fameros mais expressivos da produ\u00e7\u00e3o anual da Subprefeitura Lapa - Encontra Lapa\",\"isPartOf\":{\"@id\":\"https:\/\/www.encontralapa.com.br\/sobre\/#website\"},\"datePublished\":\"2012-01-13T18:15:20+00:00\",\"dateModified\":\"2019-04-15T12:51:18+00:00\",\"author\":{\"@id\":\"https:\/\/www.encontralapa.com.br\/sobre\/#\/schema\/person\/8b7ec9c81d35680491eb563abaeccac7\"},\"breadcrumb\":{\"@id\":\"https:\/\/www.encontralapa.com.br\/sobre\/conheca-os-numeros-mais-expressivos-da-producao-anual-da-subprefeitura-lapa\/#breadcrumb\"},\"inLanguage\":\"pt-BR\",\"potentialAction\":[{\"@type\":\"ReadAction\",\"target\":[\"https:\/\/www.encontralapa.com.br\/sobre\/conheca-os-numeros-mais-expressivos-da-producao-anual-da-subprefeitura-lapa\/\"]}]},{\"@type\":\"BreadcrumbList\",\"@id\":\"https:\/\/www.encontralapa.com.br\/sobre\/conheca-os-numeros-mais-expressivos-da-producao-anual-da-subprefeitura-lapa\/#breadcrumb\",\"itemListElement\":[{\"@type\":\"ListItem\",\"position\":1,\"name\":\"In\u00edcio\",\"item\":\"https:\/\/www.encontralapa.com.br\/sobre\/\"},{\"@type\":\"ListItem\",\"position\":2,\"name\":\"Conhe\u00e7a os n\u00fameros mais expressivos da produ\u00e7\u00e3o anual da Subprefeitura Lapa\"}]},{\"@type\":\"WebSite\",\"@id\":\"https:\/\/www.encontralapa.com.br\/sobre\/#website\",\"url\":\"https:\/\/www.encontralapa.com.br\/sobre\/\",\"name\":\"Encontra Lapa\",\"description\":\"Not\u00edcias, eventos, informa\u00e7\u00f5es e dicas no bairro Lapa e regi\u00e3o.\",\"potentialAction\":[{\"@type\":\"SearchAction\",\"target\":{\"@type\":\"EntryPoint\",\"urlTemplate\":\"https:\/\/www.encontralapa.com.br\/sobre\/?s={search_term_string}\"},\"query-input\":{\"@type\":\"PropertyValueSpecification\",\"valueRequired\":true,\"valueName\":\"search_term_string\"}}],\"inLanguage\":\"pt-BR\"},{\"@type\":\"Person\",\"@id\":\"https:\/\/www.encontralapa.com.br\/sobre\/#\/schema\/person\/8b7ec9c81d35680491eb563abaeccac7\",\"name\":\"Encontra Lapa\",\"image\":{\"@type\":\"ImageObject\",\"inLanguage\":\"pt-BR\",\"@id\":\"https:\/\/www.encontralapa.com.br\/sobre\/#\/schema\/person\/image\/\",\"url\":\"https:\/\/secure.gravatar.com\/avatar\/0fbed662e37531ae23e68f85f9517b2454e50c1dfebf80eb9b721449ac95e0b9?s=96&d=mm&r=g\",\"contentUrl\":\"https:\/\/secure.gravatar.com\/avatar\/0fbed662e37531ae23e68f85f9517b2454e50c1dfebf80eb9b721449ac95e0b9?s=96&d=mm&r=g\",\"caption\":\"Encontra Lapa\"},\"url\":\"https:\/\/www.encontralapa.com.br\/sobre\/author\/elapa\/\"}]}<\/script>\n<!-- \/ Yoast SEO plugin. -->","yoast_head_json":{"title":"Conhe\u00e7a os n\u00fameros mais expressivos da produ\u00e7\u00e3o anual da Subprefeitura Lapa - Encontra Lapa","robots":{"index":"index","follow":"follow","max-snippet":"max-snippet:-1","max-image-preview":"max-image-preview:large","max-video-preview":"max-video-preview:-1"},"canonical":"https:\/\/www.encontralapa.com.br\/sobre\/conheca-os-numeros-mais-expressivos-da-producao-anual-da-subprefeitura-lapa\/","og_locale":"pt_BR","og_type":"article","og_title":"Conhe\u00e7a os n\u00fameros mais expressivos da produ\u00e7\u00e3o anual da Subprefeitura Lapa - Encontra Lapa","og_description":"No ano passado a \u201cOpera\u00e7\u00e3o Tapa Buraco\u201d concertou 16.412 buracos nas vias p\u00fablicas da Subprefeitura Lapa, totalizando aproximadamente 126.000 M\u00b2. A Unidade de \u00c1reas Verdes realizou a poda de mais de 3.000 \u00e1rvores, a remo\u00e7\u00e3o de 951 \u00e1rvores e j\u00e1 replantou 847 no territ\u00f3rio da nossa Subprefeitura. Mais 3.542 M\u00b2 de \u00e1rea receberam o plantio de grama e 4.122.462 M\u00b2 de \u00e1rea gramadas foram limpas e cortadas. Foram feitas tamb\u00e9m a conserva\u00e7\u00e3o de 2.603 m\u00b2 de passeio e 13.316 m\u00b2 de guias e sarjetas, o que melhorou muito a condi\u00e7\u00e3o das cal\u00e7adas em nossa regi\u00e3o. Foram reformadas 2. 637 bocas","og_url":"https:\/\/www.encontralapa.com.br\/sobre\/conheca-os-numeros-mais-expressivos-da-producao-anual-da-subprefeitura-lapa\/","og_site_name":"Encontra Lapa","article_published_time":"2012-01-13T18:15:20+00:00","article_modified_time":"2019-04-15T12:51:18+00:00","author":"Encontra Lapa","twitter_card":"summary_large_image","twitter_misc":{"Escrito por":"Encontra Lapa","Est. tempo de leitura":"1 minuto"},"schema":{"@context":"https:\/\/schema.org","@graph":[{"@type":"WebPage","@id":"https:\/\/www.encontralapa.com.br\/sobre\/conheca-os-numeros-mais-expressivos-da-producao-anual-da-subprefeitura-lapa\/","url":"https:\/\/www.encontralapa.com.br\/sobre\/conheca-os-numeros-mais-expressivos-da-producao-anual-da-subprefeitura-lapa\/","name":"Conhe\u00e7a os n\u00fameros mais expressivos da produ\u00e7\u00e3o anual da Subprefeitura Lapa - Encontra Lapa","isPartOf":{"@id":"https:\/\/www.encontralapa.com.br\/sobre\/#website"},"datePublished":"2012-01-13T18:15:20+00:00","dateModified":"2019-04-15T12:51:18+00:00","author":{"@id":"https:\/\/www.encontralapa.com.br\/sobre\/#\/schema\/person\/8b7ec9c81d35680491eb563abaeccac7"},"breadcrumb":{"@id":"https:\/\/www.encontralapa.com.br\/sobre\/conheca-os-numeros-mais-expressivos-da-producao-anual-da-subprefeitura-lapa\/#breadcrumb"},"inLanguage":"pt-BR","potentialAction":[{"@type":"ReadAction","target":["https:\/\/www.encontralapa.com.br\/sobre\/conheca-os-numeros-mais-expressivos-da-producao-anual-da-subprefeitura-lapa\/"]}]},{"@type":"BreadcrumbList","@id":"https:\/\/www.encontralapa.com.br\/sobre\/conheca-os-numeros-mais-expressivos-da-producao-anual-da-subprefeitura-lapa\/#breadcrumb","itemListElement":[{"@type":"ListItem","position":1,"name":"In\u00edcio","item":"https:\/\/www.encontralapa.com.br\/sobre\/"},{"@type":"ListItem","position":2,"name":"Conhe\u00e7a os n\u00fameros mais expressivos da produ\u00e7\u00e3o anual da Subprefeitura Lapa"}]},{"@type":"WebSite","@id":"https:\/\/www.encontralapa.com.br\/sobre\/#website","url":"https:\/\/www.encontralapa.com.br\/sobre\/","name":"Encontra Lapa","description":"Not\u00edcias, eventos, informa\u00e7\u00f5es e dicas no bairro Lapa e regi\u00e3o.","potentialAction":[{"@type":"SearchAction","target":{"@type":"EntryPoint","urlTemplate":"https:\/\/www.encontralapa.com.br\/sobre\/?s={search_term_string}"},"query-input":{"@type":"PropertyValueSpecification","valueRequired":true,"valueName":"search_term_string"}}],"inLanguage":"pt-BR"},{"@type":"Person","@id":"https:\/\/www.encontralapa.com.br\/sobre\/#\/schema\/person\/8b7ec9c81d35680491eb563abaeccac7","name":"Encontra Lapa","image":{"@type":"ImageObject","inLanguage":"pt-BR","@id":"https:\/\/www.encontralapa.com.br\/sobre\/#\/schema\/person\/image\/","url":"https:\/\/secure.gravatar.com\/avatar\/0fbed662e37531ae23e68f85f9517b2454e50c1dfebf80eb9b721449ac95e0b9?s=96&d=mm&r=g","contentUrl":"https:\/\/secure.gravatar.com\/avatar\/0fbed662e37531ae23e68f85f9517b2454e50c1dfebf80eb9b721449ac95e0b9?s=96&d=mm&r=g","caption":"Encontra Lapa"},"url":"https:\/\/www.encontralapa.com.br\/sobre\/author\/elapa\/"}]}},"_links":{"self":[{"href":"https:\/\/www.encontralapa.com.br\/sobre\/wp-json\/wp\/v2\/posts\/4949","targetHints":{"allow":["GET"]}}],"collection":[{"href":"https:\/\/www.encontralapa.com.br\/sobre\/wp-json\/wp\/v2\/posts"}],"about":[{"href":"https:\/\/www.encontralapa.com.br\/sobre\/wp-json\/wp\/v2\/types\/post"}],"author":[{"embeddable":true,"href":"https:\/\/www.encontralapa.com.br\/sobre\/wp-json\/wp\/v2\/users\/1"}],"replies":[{"embeddable":true,"href":"https:\/\/www.encontralapa.com.br\/sobre\/wp-json\/wp\/v2\/comments?post=4949"}],"version-history":[{"count":0,"href":"https:\/\/www.encontralapa.com.br\/sobre\/wp-json\/wp\/v2\/posts\/4949\/revisions"}],"wp:attachment":[{"href":"https:\/\/www.encontralapa.com.br\/sobre\/wp-json\/wp\/v2\/media?parent=4949"}],"wp:term":[{"taxonomy":"category","embeddable":true,"href":"https:\/\/www.encontralapa.com.br\/sobre\/wp-json\/wp\/v2\/categories?post=4949"},{"taxonomy":"post_tag","embeddable":true,"href":"https:\/\/www.encontralapa.com.br\/sobre\/wp-json\/wp\/v2\/tags?post=4949"}],"curies":[{"name":"wp","href":"https:\/\/api.w.org\/{rel}","templated":true}]}}