{"id":32002,"date":"2026-04-27T03:54:27","date_gmt":"2026-04-27T06:54:27","guid":{"rendered":"https:\/\/www.encontralapa.com.br\/sobre\/dia-de-sao-jorge-cortejos-rodas-de-samba-e-feijoadas-para-celebrar-o-feriado-no-rio-de-janeiro\/"},"modified":"2026-04-27T03:54:27","modified_gmt":"2026-04-27T06:54:27","slug":"dia-de-sao-jorge-cortejos-rodas-de-samba-e-feijoadas-para-celebrar-o-feriado-no-rio-de-janeiro","status":"publish","type":"post","link":"https:\/\/www.encontralapa.com.br\/sobre\/dia-de-sao-jorge-cortejos-rodas-de-samba-e-feijoadas-para-celebrar-o-feriado-no-rio-de-janeiro\/","title":{"rendered":"Dia de S\u00e3o Jorge: cortejos, rodas de samba e feijoadas para celebrar o feriado no Rio de Janeiro"},"content":{"rendered":"<div class=\"1de5f6e57d654156b3d0cb31ae6c7c01\" data-index=\"1\" style=\"float: none; margin:0px;\">\n<!-- Anuncio display - global -->\r\n<ins class=\"adsbygoogle\"\r\n     style=\"display:block\"\r\n     data-ad-client=\"ca-pub-8585364105181520\"\r\n     data-ad-slot=\"8789329856\"\r\n     data-ad-format=\"auto\"\r\n     data-full-width-responsive=\"true\"><\/ins>\r\n<script>\r\n     (adsbygoogle = window.adsbygoogle || []).push({});\r\n<\/script>\n<\/div>\n<h2>O que \u00e9 o Dia de S\u00e3o Jorge?<\/h2>\n<p>O Dia de S\u00e3o Jorge, celebrado em 23 de abril, \u00e9 uma data significativa n\u00e3o apenas para os devotos do santo, mas tamb\u00e9m para a cultura brasileira, especialmente no Rio de Janeiro. O santo \u00e9 amplamente reconhecido como um s\u00edmbolo de for\u00e7a e prote\u00e7\u00e3o e \u00e9 sincretizado com Ogum, uma importante divindade na religi\u00e3o afro-brasileira. A festa a ele dedicada \u00e9 marcada por uma s\u00e9rie de atividades que envolvem a m\u00fasica, a culin\u00e1ria e a espiritualidade.<\/p>\n<h2>Tradicional festa de feijoada no Rio de Janeiro<\/h2>\n<p>Uma das tradi\u00e7\u00f5es mais queridas do Dia de S\u00e3o Jorge \u00e9 a feijoada. Ao longo da cidade, diversos restaurantes e associa\u00e7\u00f5es promovem esse prato t\u00edpico, que combina sabor e socializa\u00e7\u00e3o. As feijoadas s\u00e3o acompanhadas por samba e outras manifesta\u00e7\u00f5es culturais, criando um ambiente de festividade e confraterniza\u00e7\u00e3o.<\/p>\n<h2>Artistas que se apresentam no feriado<\/h2>\n<p>O Rio de Janeiro se enche de m\u00fasica durante o Dia de S\u00e3o Jorge, com apresenta\u00e7\u00f5es de artistas renomados. Nomes como Jorge Arag\u00e3o, Leci Brand\u00e3o e Dudu Nobre s\u00e3o apenas alguns dos grandes talentos que costumam se apresentar em diversos eventos da cidade, proporcionando uma trilha sonora vibrante para as celebra\u00e7\u00f5es.<\/p>\n<p><img decoding=\"async\" src=\"https:\/\/www.encontralapa.com.br\/sobre\/wp-content\/uploads\/2026\/04\/dia-de-sao-jorge-cortejos-rodas-de-samba-e-feijoadas-para-celebrar-o-feriado-no-rio-de-janeiro.webp\" alt=\"Dia de S\u00e3o Jorge\" loading=\"lazy\" \/><\/p>\n<h2>Eventos gratuitos e pagos para todos os gostos<\/h2>\n<p>Para atender a todos os p\u00fablicos, a celebra\u00e7\u00e3o do Dia de S\u00e3o Jorge no Rio de Janeiro oferece uma ampla gama de eventos, tanto gratuitos quanto pagos. Desde grandes shows em pra\u00e7as e teatros at\u00e9 pequenas rodas de samba em comunidades, h\u00e1 op\u00e7\u00f5es para quem quer celebrar o santo guerreiro de maneira acess\u00edvel e diversificada.<\/p>\n<h2>Rodas de samba: a alma do Rio<\/h2>\n<p>As rodas de samba s\u00e3o um dos pontos altos das celebra\u00e7\u00f5es. Elas re\u00fanem pessoas de todas as idades em um clima de alegria e descontra\u00e7\u00e3o, onde a m\u00fasica flui e a dan\u00e7a \u00e9 inevit\u00e1vel. As comunidades se re\u00fanem para tocar e cantar, mantendo viva a tradi\u00e7\u00e3o samba, que \u00e9 uma express\u00e3o cultural fundamental do Rio.<\/p>\n<h2>Cortejos e celebra\u00e7\u00f5es nas comunidades<\/h2>\n<p>Cortejos p\u00fablicos acontecem em diversas partes da cidade, reunindo fi\u00e9is e participantes em uma celebra\u00e7\u00e3o coletiva. Estes desfiles costumam ser acompanhados por grupos de samba e orquestras que tocam musicas em homenagem a S\u00e3o Jorge, criando uma atmosfera de devo\u00e7\u00e3o e festa.<\/p>\n<h2>O sincretismo religioso e o Dia de S\u00e3o Jorge<\/h2>\n<p>O sincretismo \u00e9 uma parte intr\u00ednseca da celebra\u00e7\u00e3o do Dia de S\u00e3o Jorge. As festividades mostram o esp\u00edrito de uni\u00e3o entre a f\u00e9 cat\u00f3lica e as tradi\u00e7\u00f5es afro-brasileiras. Os rituais e homenagens a Ogum s\u00e3o realizados em conjunto com as pr\u00e1ticas tamb\u00e9m voltadas ao santo, enfatizando a diversidade cultural e religiosa do Brasil.<\/p>\n<h2>Melhores locais para celebrar<\/h2>\n<p>Entre os locais mais recomendados para celebrar o Dia de S\u00e3o Jorge no Rio est\u00e3o a Quadra da Portela, o Museu do Folclore e a Pra\u00e7a da Harmonia. Esses espa\u00e7os oferecem uma programa\u00e7\u00e3o variada que inclui feijoadas, shows de samba e outras atividades culturais.<\/p>\n<h2>O que esperar do Dia de S\u00e3o Jorge em 2026<\/h2>\n<p>Para o ano de 2026, espera-se uma celebra\u00e7\u00e3o ainda mais grandiosa e inclusiva. Com uma programa\u00e7\u00e3o recheada de eventos, desde homenagens tradicionais at\u00e9 inova\u00e7\u00f5es na forma de celebrar, o Dia de S\u00e3o Jorge promete unir ainda mais os cariocas em torno de suas tradi\u00e7\u00f5es e de sua cultura.<\/p>\n<h2>Dicas para aproveitar ao m\u00e1ximo a festa<\/h2>\n<p>Para garantir que voc\u00ea aproveite ao m\u00e1ximo o Dia de S\u00e3o Jorge, aqui est\u00e3o algumas dicas:<\/p>\n<ul>\n<li><strong>Planeje sua agenda:<\/strong> Fique atento \u00e0 programa\u00e7\u00e3o dos eventos para escolher aqueles que mais lhe interessam.<\/li>\n<li><strong>Chegue cedo:<\/strong> Muitos eventos s\u00e3o muito procurados, ent\u00e3o chegue cedo para garantir um bom lugar.<\/li>\n<li><strong>Experimente a feijoada:<\/strong> N\u00e3o deixe de saborear a feijoada nas v\u00e1rias op\u00e7\u00f5es dispon\u00edveis.<\/li>\n<li><strong>Participe das rodas de samba:<\/strong> Junte-se aos festeiros e entre na dan\u00e7a.<\/li>\n<\/ul>\n\n<div style=\"font-size: 0px; height: 0px; line-height: 0px; margin: 0; padding: 0; clear: both;\"><\/div>","protected":false},"excerpt":{"rendered":"<p>Descubra como o Rio de Janeiro comemora o Dia de S\u00e3o Jorge com eventos incr\u00edveis.<\/p>\n","protected":false},"author":1,"featured_media":32001,"comment_status":"open","ping_status":"closed","sticky":false,"template":"","format":"standard","meta":{"footnotes":""},"categories":[3],"tags":[],"class_list":["post-32002","post","type-post","status-publish","format-standard","has-post-thumbnail","hentry","category-noticias-na-lapa","has_thumb"],"yoast_head":"<!-- This site is optimized with the Yoast SEO plugin v26.5 - https:\/\/yoast.com\/wordpress\/plugins\/seo\/ -->\n<title>Dia de S\u00e3o Jorge: cortejos, rodas de samba e feijoadas para celebrar o feriado no Rio de Janeiro - Encontra Lapa<\/title>\n<meta name=\"robots\" content=\"index, follow, max-snippet:-1, max-image-preview:large, max-video-preview:-1\" \/>\n<link rel=\"canonical\" href=\"https:\/\/www.encontralapa.com.br\/sobre\/dia-de-sao-jorge-cortejos-rodas-de-samba-e-feijoadas-para-celebrar-o-feriado-no-rio-de-janeiro\/\" \/>\n<meta property=\"og:locale\" content=\"pt_BR\" \/>\n<meta property=\"og:type\" content=\"article\" \/>\n<meta property=\"og:title\" content=\"Dia de S\u00e3o Jorge: cortejos, rodas de samba e feijoadas para celebrar o feriado no Rio de Janeiro - Encontra Lapa\" \/>\n<meta property=\"og:description\" content=\"Descubra como o Rio de Janeiro comemora o Dia de S\u00e3o Jorge com eventos incr\u00edveis.\" \/>\n<meta property=\"og:url\" content=\"https:\/\/www.encontralapa.com.br\/sobre\/dia-de-sao-jorge-cortejos-rodas-de-samba-e-feijoadas-para-celebrar-o-feriado-no-rio-de-janeiro\/\" \/>\n<meta property=\"og:site_name\" content=\"Encontra Lapa\" \/>\n<meta property=\"article:published_time\" content=\"2026-04-27T06:54:27+00:00\" \/>\n<meta property=\"og:image\" content=\"https:\/\/www.encontralapa.com.br\/sobre\/wp-content\/uploads\/2026\/04\/dia-de-sao-jorge-cortejos-rodas-de-samba-e-feijoadas-para-celebrar-o-feriado-no-rio-de-janeiro.webp\" \/>\n<meta name=\"author\" content=\"Encontra Lapa\" \/>\n<meta name=\"twitter:card\" content=\"summary_large_image\" \/>\n<meta name=\"twitter:label1\" content=\"Escrito por\" \/>\n\t<meta name=\"twitter:data1\" content=\"Encontra Lapa\" \/>\n\t<meta name=\"twitter:label2\" content=\"Est. tempo de leitura\" \/>\n\t<meta name=\"twitter:data2\" content=\"3 minutos\" \/>\n<script type=\"application\/ld+json\" class=\"yoast-schema-graph\">{\"@context\":\"https:\/\/schema.org\",\"@graph\":[{\"@type\":\"WebPage\",\"@id\":\"https:\/\/www.encontralapa.com.br\/sobre\/dia-de-sao-jorge-cortejos-rodas-de-samba-e-feijoadas-para-celebrar-o-feriado-no-rio-de-janeiro\/\",\"url\":\"https:\/\/www.encontralapa.com.br\/sobre\/dia-de-sao-jorge-cortejos-rodas-de-samba-e-feijoadas-para-celebrar-o-feriado-no-rio-de-janeiro\/\",\"name\":\"Dia de S\u00e3o Jorge: cortejos, rodas de samba e feijoadas para celebrar o feriado no Rio de Janeiro - Encontra Lapa\",\"isPartOf\":{\"@id\":\"https:\/\/www.encontralapa.com.br\/sobre\/#website\"},\"primaryImageOfPage\":{\"@id\":\"https:\/\/www.encontralapa.com.br\/sobre\/dia-de-sao-jorge-cortejos-rodas-de-samba-e-feijoadas-para-celebrar-o-feriado-no-rio-de-janeiro\/#primaryimage\"},\"image\":{\"@id\":\"https:\/\/www.encontralapa.com.br\/sobre\/dia-de-sao-jorge-cortejos-rodas-de-samba-e-feijoadas-para-celebrar-o-feriado-no-rio-de-janeiro\/#primaryimage\"},\"thumbnailUrl\":\"https:\/\/www.encontralapa.com.br\/sobre\/wp-content\/uploads\/2026\/04\/dia-de-sao-jorge-cortejos-rodas-de-samba-e-feijoadas-para-celebrar-o-feriado-no-rio-de-janeiro.webp\",\"datePublished\":\"2026-04-27T06:54:27+00:00\",\"author\":{\"@id\":\"https:\/\/www.encontralapa.com.br\/sobre\/#\/schema\/person\/8b7ec9c81d35680491eb563abaeccac7\"},\"breadcrumb\":{\"@id\":\"https:\/\/www.encontralapa.com.br\/sobre\/dia-de-sao-jorge-cortejos-rodas-de-samba-e-feijoadas-para-celebrar-o-feriado-no-rio-de-janeiro\/#breadcrumb\"},\"inLanguage\":\"pt-BR\",\"potentialAction\":[{\"@type\":\"ReadAction\",\"target\":[\"https:\/\/www.encontralapa.com.br\/sobre\/dia-de-sao-jorge-cortejos-rodas-de-samba-e-feijoadas-para-celebrar-o-feriado-no-rio-de-janeiro\/\"]}]},{\"@type\":\"ImageObject\",\"inLanguage\":\"pt-BR\",\"@id\":\"https:\/\/www.encontralapa.com.br\/sobre\/dia-de-sao-jorge-cortejos-rodas-de-samba-e-feijoadas-para-celebrar-o-feriado-no-rio-de-janeiro\/#primaryimage\",\"url\":\"https:\/\/www.encontralapa.com.br\/sobre\/wp-content\/uploads\/2026\/04\/dia-de-sao-jorge-cortejos-rodas-de-samba-e-feijoadas-para-celebrar-o-feriado-no-rio-de-janeiro.webp\",\"contentUrl\":\"https:\/\/www.encontralapa.com.br\/sobre\/wp-content\/uploads\/2026\/04\/dia-de-sao-jorge-cortejos-rodas-de-samba-e-feijoadas-para-celebrar-o-feriado-no-rio-de-janeiro.webp\",\"width\":280,\"height\":280,\"caption\":\"Dia de S\u00e3o Jorge\"},{\"@type\":\"BreadcrumbList\",\"@id\":\"https:\/\/www.encontralapa.com.br\/sobre\/dia-de-sao-jorge-cortejos-rodas-de-samba-e-feijoadas-para-celebrar-o-feriado-no-rio-de-janeiro\/#breadcrumb\",\"itemListElement\":[{\"@type\":\"ListItem\",\"position\":1,\"name\":\"In\u00edcio\",\"item\":\"https:\/\/www.encontralapa.com.br\/sobre\/\"},{\"@type\":\"ListItem\",\"position\":2,\"name\":\"Dia de S\u00e3o Jorge: cortejos, rodas de samba e feijoadas para celebrar o feriado no Rio de Janeiro\"}]},{\"@type\":\"WebSite\",\"@id\":\"https:\/\/www.encontralapa.com.br\/sobre\/#website\",\"url\":\"https:\/\/www.encontralapa.com.br\/sobre\/\",\"name\":\"Encontra Lapa\",\"description\":\"Not\u00edcias, eventos, informa\u00e7\u00f5es e dicas no bairro Lapa e regi\u00e3o.\",\"potentialAction\":[{\"@type\":\"SearchAction\",\"target\":{\"@type\":\"EntryPoint\",\"urlTemplate\":\"https:\/\/www.encontralapa.com.br\/sobre\/?s={search_term_string}\"},\"query-input\":{\"@type\":\"PropertyValueSpecification\",\"valueRequired\":true,\"valueName\":\"search_term_string\"}}],\"inLanguage\":\"pt-BR\"},{\"@type\":\"Person\",\"@id\":\"https:\/\/www.encontralapa.com.br\/sobre\/#\/schema\/person\/8b7ec9c81d35680491eb563abaeccac7\",\"name\":\"Encontra Lapa\",\"image\":{\"@type\":\"ImageObject\",\"inLanguage\":\"pt-BR\",\"@id\":\"https:\/\/www.encontralapa.com.br\/sobre\/#\/schema\/person\/image\/\",\"url\":\"https:\/\/secure.gravatar.com\/avatar\/0fbed662e37531ae23e68f85f9517b2454e50c1dfebf80eb9b721449ac95e0b9?s=96&d=mm&r=g\",\"contentUrl\":\"https:\/\/secure.gravatar.com\/avatar\/0fbed662e37531ae23e68f85f9517b2454e50c1dfebf80eb9b721449ac95e0b9?s=96&d=mm&r=g\",\"caption\":\"Encontra Lapa\"},\"url\":\"https:\/\/www.encontralapa.com.br\/sobre\/author\/elapa\/\"}]}<\/script>\n<!-- \/ Yoast SEO plugin. -->","yoast_head_json":{"title":"Dia de S\u00e3o Jorge: cortejos, rodas de samba e feijoadas para celebrar o feriado no Rio de Janeiro - Encontra Lapa","robots":{"index":"index","follow":"follow","max-snippet":"max-snippet:-1","max-image-preview":"max-image-preview:large","max-video-preview":"max-video-preview:-1"},"canonical":"https:\/\/www.encontralapa.com.br\/sobre\/dia-de-sao-jorge-cortejos-rodas-de-samba-e-feijoadas-para-celebrar-o-feriado-no-rio-de-janeiro\/","og_locale":"pt_BR","og_type":"article","og_title":"Dia de S\u00e3o Jorge: cortejos, rodas de samba e feijoadas para celebrar o feriado no Rio de Janeiro - Encontra Lapa","og_description":"Descubra como o Rio de Janeiro comemora o Dia de S\u00e3o Jorge com eventos incr\u00edveis.","og_url":"https:\/\/www.encontralapa.com.br\/sobre\/dia-de-sao-jorge-cortejos-rodas-de-samba-e-feijoadas-para-celebrar-o-feriado-no-rio-de-janeiro\/","og_site_name":"Encontra Lapa","article_published_time":"2026-04-27T06:54:27+00:00","og_image":[{"url":"https:\/\/www.encontralapa.com.br\/sobre\/wp-content\/uploads\/2026\/04\/dia-de-sao-jorge-cortejos-rodas-de-samba-e-feijoadas-para-celebrar-o-feriado-no-rio-de-janeiro.webp","type":"","width":"","height":""}],"author":"Encontra Lapa","twitter_card":"summary_large_image","twitter_misc":{"Escrito por":"Encontra Lapa","Est. tempo de leitura":"3 minutos"},"schema":{"@context":"https:\/\/schema.org","@graph":[{"@type":"WebPage","@id":"https:\/\/www.encontralapa.com.br\/sobre\/dia-de-sao-jorge-cortejos-rodas-de-samba-e-feijoadas-para-celebrar-o-feriado-no-rio-de-janeiro\/","url":"https:\/\/www.encontralapa.com.br\/sobre\/dia-de-sao-jorge-cortejos-rodas-de-samba-e-feijoadas-para-celebrar-o-feriado-no-rio-de-janeiro\/","name":"Dia de S\u00e3o Jorge: cortejos, rodas de samba e feijoadas para celebrar o feriado no Rio de Janeiro - Encontra Lapa","isPartOf":{"@id":"https:\/\/www.encontralapa.com.br\/sobre\/#website"},"primaryImageOfPage":{"@id":"https:\/\/www.encontralapa.com.br\/sobre\/dia-de-sao-jorge-cortejos-rodas-de-samba-e-feijoadas-para-celebrar-o-feriado-no-rio-de-janeiro\/#primaryimage"},"image":{"@id":"https:\/\/www.encontralapa.com.br\/sobre\/dia-de-sao-jorge-cortejos-rodas-de-samba-e-feijoadas-para-celebrar-o-feriado-no-rio-de-janeiro\/#primaryimage"},"thumbnailUrl":"https:\/\/www.encontralapa.com.br\/sobre\/wp-content\/uploads\/2026\/04\/dia-de-sao-jorge-cortejos-rodas-de-samba-e-feijoadas-para-celebrar-o-feriado-no-rio-de-janeiro.webp","datePublished":"2026-04-27T06:54:27+00:00","author":{"@id":"https:\/\/www.encontralapa.com.br\/sobre\/#\/schema\/person\/8b7ec9c81d35680491eb563abaeccac7"},"breadcrumb":{"@id":"https:\/\/www.encontralapa.com.br\/sobre\/dia-de-sao-jorge-cortejos-rodas-de-samba-e-feijoadas-para-celebrar-o-feriado-no-rio-de-janeiro\/#breadcrumb"},"inLanguage":"pt-BR","potentialAction":[{"@type":"ReadAction","target":["https:\/\/www.encontralapa.com.br\/sobre\/dia-de-sao-jorge-cortejos-rodas-de-samba-e-feijoadas-para-celebrar-o-feriado-no-rio-de-janeiro\/"]}]},{"@type":"ImageObject","inLanguage":"pt-BR","@id":"https:\/\/www.encontralapa.com.br\/sobre\/dia-de-sao-jorge-cortejos-rodas-de-samba-e-feijoadas-para-celebrar-o-feriado-no-rio-de-janeiro\/#primaryimage","url":"https:\/\/www.encontralapa.com.br\/sobre\/wp-content\/uploads\/2026\/04\/dia-de-sao-jorge-cortejos-rodas-de-samba-e-feijoadas-para-celebrar-o-feriado-no-rio-de-janeiro.webp","contentUrl":"https:\/\/www.encontralapa.com.br\/sobre\/wp-content\/uploads\/2026\/04\/dia-de-sao-jorge-cortejos-rodas-de-samba-e-feijoadas-para-celebrar-o-feriado-no-rio-de-janeiro.webp","width":280,"height":280,"caption":"Dia de S\u00e3o Jorge"},{"@type":"BreadcrumbList","@id":"https:\/\/www.encontralapa.com.br\/sobre\/dia-de-sao-jorge-cortejos-rodas-de-samba-e-feijoadas-para-celebrar-o-feriado-no-rio-de-janeiro\/#breadcrumb","itemListElement":[{"@type":"ListItem","position":1,"name":"In\u00edcio","item":"https:\/\/www.encontralapa.com.br\/sobre\/"},{"@type":"ListItem","position":2,"name":"Dia de S\u00e3o Jorge: cortejos, rodas de samba e feijoadas para celebrar o feriado no Rio de Janeiro"}]},{"@type":"WebSite","@id":"https:\/\/www.encontralapa.com.br\/sobre\/#website","url":"https:\/\/www.encontralapa.com.br\/sobre\/","name":"Encontra Lapa","description":"Not\u00edcias, eventos, informa\u00e7\u00f5es e dicas no bairro Lapa e regi\u00e3o.","potentialAction":[{"@type":"SearchAction","target":{"@type":"EntryPoint","urlTemplate":"https:\/\/www.encontralapa.com.br\/sobre\/?s={search_term_string}"},"query-input":{"@type":"PropertyValueSpecification","valueRequired":true,"valueName":"search_term_string"}}],"inLanguage":"pt-BR"},{"@type":"Person","@id":"https:\/\/www.encontralapa.com.br\/sobre\/#\/schema\/person\/8b7ec9c81d35680491eb563abaeccac7","name":"Encontra Lapa","image":{"@type":"ImageObject","inLanguage":"pt-BR","@id":"https:\/\/www.encontralapa.com.br\/sobre\/#\/schema\/person\/image\/","url":"https:\/\/secure.gravatar.com\/avatar\/0fbed662e37531ae23e68f85f9517b2454e50c1dfebf80eb9b721449ac95e0b9?s=96&d=mm&r=g","contentUrl":"https:\/\/secure.gravatar.com\/avatar\/0fbed662e37531ae23e68f85f9517b2454e50c1dfebf80eb9b721449ac95e0b9?s=96&d=mm&r=g","caption":"Encontra Lapa"},"url":"https:\/\/www.encontralapa.com.br\/sobre\/author\/elapa\/"}]}},"_links":{"self":[{"href":"https:\/\/www.encontralapa.com.br\/sobre\/wp-json\/wp\/v2\/posts\/32002","targetHints":{"allow":["GET"]}}],"collection":[{"href":"https:\/\/www.encontralapa.com.br\/sobre\/wp-json\/wp\/v2\/posts"}],"about":[{"href":"https:\/\/www.encontralapa.com.br\/sobre\/wp-json\/wp\/v2\/types\/post"}],"author":[{"embeddable":true,"href":"https:\/\/www.encontralapa.com.br\/sobre\/wp-json\/wp\/v2\/users\/1"}],"replies":[{"embeddable":true,"href":"https:\/\/www.encontralapa.com.br\/sobre\/wp-json\/wp\/v2\/comments?post=32002"}],"version-history":[{"count":0,"href":"https:\/\/www.encontralapa.com.br\/sobre\/wp-json\/wp\/v2\/posts\/32002\/revisions"}],"wp:featuredmedia":[{"embeddable":true,"href":"https:\/\/www.encontralapa.com.br\/sobre\/wp-json\/wp\/v2\/media\/32001"}],"wp:attachment":[{"href":"https:\/\/www.encontralapa.com.br\/sobre\/wp-json\/wp\/v2\/media?parent=32002"}],"wp:term":[{"taxonomy":"category","embeddable":true,"href":"https:\/\/www.encontralapa.com.br\/sobre\/wp-json\/wp\/v2\/categories?post=32002"},{"taxonomy":"post_tag","embeddable":true,"href":"https:\/\/www.encontralapa.com.br\/sobre\/wp-json\/wp\/v2\/tags?post=32002"}],"curies":[{"name":"wp","href":"https:\/\/api.w.org\/{rel}","templated":true}]}}