{"id":32000,"date":"2026-04-26T03:58:07","date_gmt":"2026-04-26T06:58:07","guid":{"rendered":"https:\/\/www.encontralapa.com.br\/sobre\/bar-do-rio-e-multado-apos-proibir-a-entrada-de-americanos-e-israelenses\/"},"modified":"2026-04-26T03:58:07","modified_gmt":"2026-04-26T06:58:07","slug":"bar-do-rio-e-multado-apos-proibir-a-entrada-de-americanos-e-israelenses","status":"publish","type":"post","link":"https:\/\/www.encontralapa.com.br\/sobre\/bar-do-rio-e-multado-apos-proibir-a-entrada-de-americanos-e-israelenses\/","title":{"rendered":"Bar do Rio \u00e9 multado ap\u00f3s proibir a entrada de americanos e israelenses"},"content":{"rendered":"<div class=\"1de5f6e57d654156b3d0cb31ae6c7c01\" data-index=\"1\" style=\"float: none; margin:0px;\">\n<!-- Anuncio display - global -->\r\n<ins class=\"adsbygoogle\"\r\n     style=\"display:block\"\r\n     data-ad-client=\"ca-pub-8585364105181520\"\r\n     data-ad-slot=\"8789329856\"\r\n     data-ad-format=\"auto\"\r\n     data-full-width-responsive=\"true\"><\/ins>\r\n<script>\r\n     (adsbygoogle = window.adsbygoogle || []).push({});\r\n<\/script>\n<\/div>\n<h2>O Caso do Bar Partisan<\/h2>\n<p>No \u00faltimo s\u00e1bado, um bar localizado na Lapa, Rio de Janeiro, conhecido como Partisan, foi multado por pr\u00e1ticas discriminat\u00f3rias. A situa\u00e7\u00e3o veio \u00e0 tona quando o Procon recebeu den\u00fancias sobre uma placa na entrada do estabelecimento que proibia a entrada de cidad\u00e3os dos Estados Unidos e de Israel. A mensagem da placa, redigida em ingl\u00eas, dizia: &#8220;cidad\u00e3os dos EUA e de Israel n\u00e3o s\u00e3o bem-vindos&#8221;. Tal a\u00e7\u00e3o gerou uma s\u00e9rie de repercuss\u00f5es, culminando em uma multa expressiva para o bar.<\/p>\n<h2>Decis\u00e3o do Procon e Valores da Multa<\/h2>\n<p>Ap\u00f3s a constata\u00e7\u00e3o das restri\u00e7\u00f5es, o Procon Carioca interveniu e decidiu aplicar uma multa de R$ 9.520 ao bar. Essa penaliza\u00e7\u00e3o fundamentou-se na viola\u00e7\u00e3o do C\u00f3digo de Defesa do Consumidor, que pro\u00edbe a recusa de atendimento baseada na nacionalidade, sem uma justificativa v\u00e1lida. O \u00f3rg\u00e3o destacou que a discrimina\u00e7\u00e3o n\u00e3o apenas fere os direitos dos consumidores, mas tamb\u00e9m contraria os princ\u00edpios de respeito e inclus\u00e3o nas rela\u00e7\u00f5es comerciais.<\/p>\n<h2>Pr\u00e1ticas Discriminat\u00f3rias e o CDC<\/h2>\n<p>O C\u00f3digo de Defesa do Consumidor (CDC) estabelece que todas as rela\u00e7\u00f5es de consumo devem ser pautadas pela boa-f\u00e9 e transpar\u00eancia. A pr\u00e1tica adotada pelo bar Partisan foi classificada como uma viola\u00e7\u00e3o grave, j\u00e1 que proibi a entrada de pessoas com base em sua origem nacional. De acordo com o Procon, essa conduta classifica-se como abusiva e tem o potencial de gerar constrangimentos aos consumidores. \u00c9 vital que os estabelecimentos comerciais compreendam a import\u00e2ncia da inclus\u00e3o e do tratamento igualit\u00e1rio para todos os clientes, independentemente de sua nacionalidade.<\/p>\n<p><img decoding=\"async\" src=\"https:\/\/www.encontralapa.com.br\/sobre\/wp-content\/uploads\/2026\/04\/bar-do-rio-e-multado-apos-proibir-a-entrada-de-americanos-e-israelenses.webp\" alt=\"discrimina\u00e7\u00e3o em estabelecimentos\" loading=\"lazy\" \/><\/p>\n<h2>A Rea\u00e7\u00e3o do P\u00fablico<\/h2>\n<p>A resposta do p\u00fablico diante da multa aplicada ao bar foi bastante polarizada. Muitos apoiaram a a\u00e7\u00e3o do Procon, considerando que a discrimina\u00e7\u00e3o n\u00e3o deve ser tolerada em um ambiente onde o respeito ao consumidor \u00e9 fundamental. Outros, no entanto, levantaram quest\u00f5es sobre a liberdade de escolha e express\u00e3o do propriet\u00e1rio do estabelecimento. Esse debate promoveu discuss\u00f5es sobre direitos e deveres tanto dos consumidores quanto dos empres\u00e1rios no Brasil.<\/p>\n<h2>Contexto Cultural e Pol\u00edtico<\/h2>\n<p>A situa\u00e7\u00e3o envolvendo o bar Partisan se insere em um contexto pol\u00edtico e cultural mais amplo, onde temas como nacionalidade, imigra\u00e7\u00e3o e direitos humanos est\u00e3o em evid\u00eancia. O cen\u00e1rio global de tens\u00f5es pol\u00edticas e sociais, principalmente entre diferentes pa\u00edses, pode influenciar a percep\u00e7\u00e3o e o comportamento de determinados grupos. Portanto, \u00e9 essencial que a sociedade reflita sobre a import\u00e2ncia da inclus\u00e3o e da n\u00e3o discrimina\u00e7\u00e3o, abordando essas quest\u00f5es de maneira construtiva e respeitosa.<\/p>\n<h2>Implica\u00e7\u00f5es para Estabelecimentos<\/h2>\n<p>As consequ\u00eancias da a\u00e7\u00e3o do Procon v\u00e3o al\u00e9m da multa imposta ao bar Partisan. \u00c9 um alerta para outros estabelecimentos que possam estar considerando pr\u00e1ticas semelhantes. O descumprimento das normas do CDC pode resultar em san\u00e7\u00f5es severas, al\u00e9m de danificar a imagem e a reputa\u00e7\u00e3o do neg\u00f3cio. Assim, \u00e9 crucial que os propriet\u00e1rios adotem medidas para garantir que suas pr\u00e1ticas comerciais estejam em conformidade com a legisla\u00e7\u00e3o vigente e reflitam valores de inclus\u00e3o e respeito.<\/p>\n<h2>Direitos do Consumidor no Brasil<\/h2>\n<p>O Brasil possui um conjunto robusto de leis que protegem os direitos dos consumidores. O C\u00f3digo de Defesa do Consumidor assegura que todos os indiv\u00edduos t\u00eam o direito a um atendimento igualit\u00e1rio e respeitoso. Al\u00e9m disso, qualquer forma de discrimina\u00e7\u00e3o \u00e9 inaceit\u00e1vel. Os consumidores t\u00eam o direito de solicitar e receber servi\u00e7os sem que sejam tratados de maneira desigual, independentemente de sua nacionalidade ou origem.<\/p>\n<h2>A Import\u00e2ncia da Inclus\u00e3o<\/h2>\n<p>A inclus\u00e3o \u00e9 um tema cada vez mais relevante nas sociedades contempor\u00e2neas. Estabelecimentos que promovem a diversidade e o respeito tendem a ter um desempenho melhor no mercado. A inclus\u00e3o n\u00e3o \u00e9 apenas uma quest\u00e3o \u00e9tica, mas tamb\u00e9m uma estrat\u00e9gia eficaz para a constru\u00e7\u00e3o de um ambiente mais acolhedor e produtivo, tanto para clientes quanto para colaboradores.<\/p>\n<h2>Reflex\u00f5es sobre Liberdade e Respeito<\/h2>\n<p>A discuss\u00e3o sobre a liberdade de escolha e a n\u00e3o discrimina\u00e7\u00e3o transcende o caso do bar Partisan. \u00c9 necess\u00e1rio ponderar at\u00e9 que ponto os estabelecimentos podem impor suas regras sem desrespeitar os direitos dos consumidores. A liberdade deve ser exercida de maneira respons\u00e1vel, respeitando a dignidade e os direitos dos outros.<\/p>\n<h2>O Papel da M\u00eddia na Divulga\u00e7\u00e3o<\/h2>\n<p>A cobertura da m\u00eddia em casos como o do bar Partisan desempenha um papel crucial na educa\u00e7\u00e3o e conscientiza\u00e7\u00e3o do p\u00fablico sobre direitos e responsabilidades. A forma como as informa\u00e7\u00f5es s\u00e3o divulgadas pode influenciar a percep\u00e7\u00e3o p\u00fablica e promover um di\u00e1logo saud\u00e1vel sobre discrimina\u00e7\u00e3o e inclus\u00e3o. Portanto, \u00e9 fundamental que as reportagens sejam variadas e abordem diferentes lados da quest\u00e3o, incentivando uma discuss\u00e3o mais ampla.<\/p>\n\n<div style=\"font-size: 0px; height: 0px; line-height: 0px; margin: 0; padding: 0; clear: both;\"><\/div>","protected":false},"excerpt":{"rendered":"<p>Bar do Rio \u00e9 multado por proibir a entrada de americanos e israelenses, gerando pol\u00eamica.<\/p>\n","protected":false},"author":1,"featured_media":31999,"comment_status":"open","ping_status":"closed","sticky":false,"template":"","format":"standard","meta":{"footnotes":""},"categories":[3],"tags":[],"class_list":["post-32000","post","type-post","status-publish","format-standard","has-post-thumbnail","hentry","category-noticias-na-lapa","has_thumb"],"yoast_head":"<!-- This site is optimized with the Yoast SEO plugin v26.5 - https:\/\/yoast.com\/wordpress\/plugins\/seo\/ -->\n<title>Bar do Rio \u00e9 multado ap\u00f3s proibir a entrada de americanos e israelenses - Encontra Lapa<\/title>\n<meta name=\"robots\" content=\"index, follow, max-snippet:-1, max-image-preview:large, max-video-preview:-1\" \/>\n<link rel=\"canonical\" href=\"https:\/\/www.encontralapa.com.br\/sobre\/bar-do-rio-e-multado-apos-proibir-a-entrada-de-americanos-e-israelenses\/\" \/>\n<meta property=\"og:locale\" content=\"pt_BR\" \/>\n<meta property=\"og:type\" content=\"article\" \/>\n<meta property=\"og:title\" content=\"Bar do Rio \u00e9 multado ap\u00f3s proibir a entrada de americanos e israelenses - Encontra Lapa\" \/>\n<meta property=\"og:description\" content=\"Bar do Rio \u00e9 multado por proibir a entrada de americanos e israelenses, gerando pol\u00eamica.\" \/>\n<meta property=\"og:url\" content=\"https:\/\/www.encontralapa.com.br\/sobre\/bar-do-rio-e-multado-apos-proibir-a-entrada-de-americanos-e-israelenses\/\" \/>\n<meta property=\"og:site_name\" content=\"Encontra Lapa\" \/>\n<meta property=\"article:published_time\" content=\"2026-04-26T06:58:07+00:00\" \/>\n<meta property=\"og:image\" content=\"https:\/\/www.encontralapa.com.br\/sobre\/wp-content\/uploads\/2026\/04\/bar-do-rio-e-multado-apos-proibir-a-entrada-de-americanos-e-israelenses.webp\" \/>\n<meta name=\"author\" content=\"Encontra Lapa\" \/>\n<meta name=\"twitter:card\" content=\"summary_large_image\" \/>\n<meta name=\"twitter:label1\" content=\"Escrito por\" \/>\n\t<meta name=\"twitter:data1\" content=\"Encontra Lapa\" \/>\n\t<meta name=\"twitter:label2\" content=\"Est. tempo de leitura\" \/>\n\t<meta name=\"twitter:data2\" content=\"4 minutos\" \/>\n<script type=\"application\/ld+json\" class=\"yoast-schema-graph\">{\"@context\":\"https:\/\/schema.org\",\"@graph\":[{\"@type\":\"WebPage\",\"@id\":\"https:\/\/www.encontralapa.com.br\/sobre\/bar-do-rio-e-multado-apos-proibir-a-entrada-de-americanos-e-israelenses\/\",\"url\":\"https:\/\/www.encontralapa.com.br\/sobre\/bar-do-rio-e-multado-apos-proibir-a-entrada-de-americanos-e-israelenses\/\",\"name\":\"Bar do Rio \u00e9 multado ap\u00f3s proibir a entrada de americanos e israelenses - Encontra Lapa\",\"isPartOf\":{\"@id\":\"https:\/\/www.encontralapa.com.br\/sobre\/#website\"},\"primaryImageOfPage\":{\"@id\":\"https:\/\/www.encontralapa.com.br\/sobre\/bar-do-rio-e-multado-apos-proibir-a-entrada-de-americanos-e-israelenses\/#primaryimage\"},\"image\":{\"@id\":\"https:\/\/www.encontralapa.com.br\/sobre\/bar-do-rio-e-multado-apos-proibir-a-entrada-de-americanos-e-israelenses\/#primaryimage\"},\"thumbnailUrl\":\"https:\/\/www.encontralapa.com.br\/sobre\/wp-content\/uploads\/2026\/04\/bar-do-rio-e-multado-apos-proibir-a-entrada-de-americanos-e-israelenses.webp\",\"datePublished\":\"2026-04-26T06:58:07+00:00\",\"author\":{\"@id\":\"https:\/\/www.encontralapa.com.br\/sobre\/#\/schema\/person\/8b7ec9c81d35680491eb563abaeccac7\"},\"breadcrumb\":{\"@id\":\"https:\/\/www.encontralapa.com.br\/sobre\/bar-do-rio-e-multado-apos-proibir-a-entrada-de-americanos-e-israelenses\/#breadcrumb\"},\"inLanguage\":\"pt-BR\",\"potentialAction\":[{\"@type\":\"ReadAction\",\"target\":[\"https:\/\/www.encontralapa.com.br\/sobre\/bar-do-rio-e-multado-apos-proibir-a-entrada-de-americanos-e-israelenses\/\"]}]},{\"@type\":\"ImageObject\",\"inLanguage\":\"pt-BR\",\"@id\":\"https:\/\/www.encontralapa.com.br\/sobre\/bar-do-rio-e-multado-apos-proibir-a-entrada-de-americanos-e-israelenses\/#primaryimage\",\"url\":\"https:\/\/www.encontralapa.com.br\/sobre\/wp-content\/uploads\/2026\/04\/bar-do-rio-e-multado-apos-proibir-a-entrada-de-americanos-e-israelenses.webp\",\"contentUrl\":\"https:\/\/www.encontralapa.com.br\/sobre\/wp-content\/uploads\/2026\/04\/bar-do-rio-e-multado-apos-proibir-a-entrada-de-americanos-e-israelenses.webp\",\"width\":280,\"height\":280,\"caption\":\"discrimina\u00e7\u00e3o em estabelecimentos\"},{\"@type\":\"BreadcrumbList\",\"@id\":\"https:\/\/www.encontralapa.com.br\/sobre\/bar-do-rio-e-multado-apos-proibir-a-entrada-de-americanos-e-israelenses\/#breadcrumb\",\"itemListElement\":[{\"@type\":\"ListItem\",\"position\":1,\"name\":\"In\u00edcio\",\"item\":\"https:\/\/www.encontralapa.com.br\/sobre\/\"},{\"@type\":\"ListItem\",\"position\":2,\"name\":\"Bar do Rio \u00e9 multado ap\u00f3s proibir a entrada de americanos e israelenses\"}]},{\"@type\":\"WebSite\",\"@id\":\"https:\/\/www.encontralapa.com.br\/sobre\/#website\",\"url\":\"https:\/\/www.encontralapa.com.br\/sobre\/\",\"name\":\"Encontra Lapa\",\"description\":\"Not\u00edcias, eventos, informa\u00e7\u00f5es e dicas no bairro Lapa e regi\u00e3o.\",\"potentialAction\":[{\"@type\":\"SearchAction\",\"target\":{\"@type\":\"EntryPoint\",\"urlTemplate\":\"https:\/\/www.encontralapa.com.br\/sobre\/?s={search_term_string}\"},\"query-input\":{\"@type\":\"PropertyValueSpecification\",\"valueRequired\":true,\"valueName\":\"search_term_string\"}}],\"inLanguage\":\"pt-BR\"},{\"@type\":\"Person\",\"@id\":\"https:\/\/www.encontralapa.com.br\/sobre\/#\/schema\/person\/8b7ec9c81d35680491eb563abaeccac7\",\"name\":\"Encontra Lapa\",\"image\":{\"@type\":\"ImageObject\",\"inLanguage\":\"pt-BR\",\"@id\":\"https:\/\/www.encontralapa.com.br\/sobre\/#\/schema\/person\/image\/\",\"url\":\"https:\/\/secure.gravatar.com\/avatar\/0fbed662e37531ae23e68f85f9517b2454e50c1dfebf80eb9b721449ac95e0b9?s=96&d=mm&r=g\",\"contentUrl\":\"https:\/\/secure.gravatar.com\/avatar\/0fbed662e37531ae23e68f85f9517b2454e50c1dfebf80eb9b721449ac95e0b9?s=96&d=mm&r=g\",\"caption\":\"Encontra Lapa\"},\"url\":\"https:\/\/www.encontralapa.com.br\/sobre\/author\/elapa\/\"}]}<\/script>\n<!-- \/ Yoast SEO plugin. -->","yoast_head_json":{"title":"Bar do Rio \u00e9 multado ap\u00f3s proibir a entrada de americanos e israelenses - Encontra Lapa","robots":{"index":"index","follow":"follow","max-snippet":"max-snippet:-1","max-image-preview":"max-image-preview:large","max-video-preview":"max-video-preview:-1"},"canonical":"https:\/\/www.encontralapa.com.br\/sobre\/bar-do-rio-e-multado-apos-proibir-a-entrada-de-americanos-e-israelenses\/","og_locale":"pt_BR","og_type":"article","og_title":"Bar do Rio \u00e9 multado ap\u00f3s proibir a entrada de americanos e israelenses - Encontra Lapa","og_description":"Bar do Rio \u00e9 multado por proibir a entrada de americanos e israelenses, gerando pol\u00eamica.","og_url":"https:\/\/www.encontralapa.com.br\/sobre\/bar-do-rio-e-multado-apos-proibir-a-entrada-de-americanos-e-israelenses\/","og_site_name":"Encontra Lapa","article_published_time":"2026-04-26T06:58:07+00:00","og_image":[{"url":"https:\/\/www.encontralapa.com.br\/sobre\/wp-content\/uploads\/2026\/04\/bar-do-rio-e-multado-apos-proibir-a-entrada-de-americanos-e-israelenses.webp","type":"","width":"","height":""}],"author":"Encontra Lapa","twitter_card":"summary_large_image","twitter_misc":{"Escrito por":"Encontra Lapa","Est. tempo de leitura":"4 minutos"},"schema":{"@context":"https:\/\/schema.org","@graph":[{"@type":"WebPage","@id":"https:\/\/www.encontralapa.com.br\/sobre\/bar-do-rio-e-multado-apos-proibir-a-entrada-de-americanos-e-israelenses\/","url":"https:\/\/www.encontralapa.com.br\/sobre\/bar-do-rio-e-multado-apos-proibir-a-entrada-de-americanos-e-israelenses\/","name":"Bar do Rio \u00e9 multado ap\u00f3s proibir a entrada de americanos e israelenses - Encontra Lapa","isPartOf":{"@id":"https:\/\/www.encontralapa.com.br\/sobre\/#website"},"primaryImageOfPage":{"@id":"https:\/\/www.encontralapa.com.br\/sobre\/bar-do-rio-e-multado-apos-proibir-a-entrada-de-americanos-e-israelenses\/#primaryimage"},"image":{"@id":"https:\/\/www.encontralapa.com.br\/sobre\/bar-do-rio-e-multado-apos-proibir-a-entrada-de-americanos-e-israelenses\/#primaryimage"},"thumbnailUrl":"https:\/\/www.encontralapa.com.br\/sobre\/wp-content\/uploads\/2026\/04\/bar-do-rio-e-multado-apos-proibir-a-entrada-de-americanos-e-israelenses.webp","datePublished":"2026-04-26T06:58:07+00:00","author":{"@id":"https:\/\/www.encontralapa.com.br\/sobre\/#\/schema\/person\/8b7ec9c81d35680491eb563abaeccac7"},"breadcrumb":{"@id":"https:\/\/www.encontralapa.com.br\/sobre\/bar-do-rio-e-multado-apos-proibir-a-entrada-de-americanos-e-israelenses\/#breadcrumb"},"inLanguage":"pt-BR","potentialAction":[{"@type":"ReadAction","target":["https:\/\/www.encontralapa.com.br\/sobre\/bar-do-rio-e-multado-apos-proibir-a-entrada-de-americanos-e-israelenses\/"]}]},{"@type":"ImageObject","inLanguage":"pt-BR","@id":"https:\/\/www.encontralapa.com.br\/sobre\/bar-do-rio-e-multado-apos-proibir-a-entrada-de-americanos-e-israelenses\/#primaryimage","url":"https:\/\/www.encontralapa.com.br\/sobre\/wp-content\/uploads\/2026\/04\/bar-do-rio-e-multado-apos-proibir-a-entrada-de-americanos-e-israelenses.webp","contentUrl":"https:\/\/www.encontralapa.com.br\/sobre\/wp-content\/uploads\/2026\/04\/bar-do-rio-e-multado-apos-proibir-a-entrada-de-americanos-e-israelenses.webp","width":280,"height":280,"caption":"discrimina\u00e7\u00e3o em estabelecimentos"},{"@type":"BreadcrumbList","@id":"https:\/\/www.encontralapa.com.br\/sobre\/bar-do-rio-e-multado-apos-proibir-a-entrada-de-americanos-e-israelenses\/#breadcrumb","itemListElement":[{"@type":"ListItem","position":1,"name":"In\u00edcio","item":"https:\/\/www.encontralapa.com.br\/sobre\/"},{"@type":"ListItem","position":2,"name":"Bar do Rio \u00e9 multado ap\u00f3s proibir a entrada de americanos e israelenses"}]},{"@type":"WebSite","@id":"https:\/\/www.encontralapa.com.br\/sobre\/#website","url":"https:\/\/www.encontralapa.com.br\/sobre\/","name":"Encontra Lapa","description":"Not\u00edcias, eventos, informa\u00e7\u00f5es e dicas no bairro Lapa e regi\u00e3o.","potentialAction":[{"@type":"SearchAction","target":{"@type":"EntryPoint","urlTemplate":"https:\/\/www.encontralapa.com.br\/sobre\/?s={search_term_string}"},"query-input":{"@type":"PropertyValueSpecification","valueRequired":true,"valueName":"search_term_string"}}],"inLanguage":"pt-BR"},{"@type":"Person","@id":"https:\/\/www.encontralapa.com.br\/sobre\/#\/schema\/person\/8b7ec9c81d35680491eb563abaeccac7","name":"Encontra Lapa","image":{"@type":"ImageObject","inLanguage":"pt-BR","@id":"https:\/\/www.encontralapa.com.br\/sobre\/#\/schema\/person\/image\/","url":"https:\/\/secure.gravatar.com\/avatar\/0fbed662e37531ae23e68f85f9517b2454e50c1dfebf80eb9b721449ac95e0b9?s=96&d=mm&r=g","contentUrl":"https:\/\/secure.gravatar.com\/avatar\/0fbed662e37531ae23e68f85f9517b2454e50c1dfebf80eb9b721449ac95e0b9?s=96&d=mm&r=g","caption":"Encontra Lapa"},"url":"https:\/\/www.encontralapa.com.br\/sobre\/author\/elapa\/"}]}},"_links":{"self":[{"href":"https:\/\/www.encontralapa.com.br\/sobre\/wp-json\/wp\/v2\/posts\/32000","targetHints":{"allow":["GET"]}}],"collection":[{"href":"https:\/\/www.encontralapa.com.br\/sobre\/wp-json\/wp\/v2\/posts"}],"about":[{"href":"https:\/\/www.encontralapa.com.br\/sobre\/wp-json\/wp\/v2\/types\/post"}],"author":[{"embeddable":true,"href":"https:\/\/www.encontralapa.com.br\/sobre\/wp-json\/wp\/v2\/users\/1"}],"replies":[{"embeddable":true,"href":"https:\/\/www.encontralapa.com.br\/sobre\/wp-json\/wp\/v2\/comments?post=32000"}],"version-history":[{"count":0,"href":"https:\/\/www.encontralapa.com.br\/sobre\/wp-json\/wp\/v2\/posts\/32000\/revisions"}],"wp:featuredmedia":[{"embeddable":true,"href":"https:\/\/www.encontralapa.com.br\/sobre\/wp-json\/wp\/v2\/media\/31999"}],"wp:attachment":[{"href":"https:\/\/www.encontralapa.com.br\/sobre\/wp-json\/wp\/v2\/media?parent=32000"}],"wp:term":[{"taxonomy":"category","embeddable":true,"href":"https:\/\/www.encontralapa.com.br\/sobre\/wp-json\/wp\/v2\/categories?post=32000"},{"taxonomy":"post_tag","embeddable":true,"href":"https:\/\/www.encontralapa.com.br\/sobre\/wp-json\/wp\/v2\/tags?post=32000"}],"curies":[{"name":"wp","href":"https:\/\/api.w.org\/{rel}","templated":true}]}}