{"id":31998,"date":"2026-04-26T03:57:13","date_gmt":"2026-04-26T06:57:13","guid":{"rendered":"https:\/\/www.encontralapa.com.br\/sobre\/cidade-de-sp-entra-em-estado-de-atencao-para-alagamentos-nesta-terca\/"},"modified":"2026-04-26T03:57:13","modified_gmt":"2026-04-26T06:57:13","slug":"cidade-de-sp-entra-em-estado-de-atencao-para-alagamentos-nesta-terca","status":"publish","type":"post","link":"https:\/\/www.encontralapa.com.br\/sobre\/cidade-de-sp-entra-em-estado-de-atencao-para-alagamentos-nesta-terca\/","title":{"rendered":"Cidade de SP entra em estado de aten\u00e7\u00e3o para alagamentos nesta ter\u00e7a"},"content":{"rendered":"<div class=\"1de5f6e57d654156b3d0cb31ae6c7c01\" data-index=\"1\" style=\"float: none; margin:0px;\">\n<!-- Anuncio display - global -->\r\n<ins class=\"adsbygoogle\"\r\n     style=\"display:block\"\r\n     data-ad-client=\"ca-pub-8585364105181520\"\r\n     data-ad-slot=\"8789329856\"\r\n     data-ad-format=\"auto\"\r\n     data-full-width-responsive=\"true\"><\/ins>\r\n<script>\r\n     (adsbygoogle = window.adsbygoogle || []).push({});\r\n<\/script>\n<\/div>\n<h2>O que \u00e9 o estado de aten\u00e7\u00e3o para alagamentos?<\/h2>\n<p>O estado de aten\u00e7\u00e3o para alagamentos \u00e9 um alerta emitido pelos \u00f3rg\u00e3os respons\u00e1veis pela gest\u00e3o de emerg\u00eancias em uma cidade, no caso, S\u00e3o Paulo. Esse alerta sinaliza que a regi\u00e3o est\u00e1 sob risco elevado de alagamentos devido a chuvas intensas. O Centro de Gerenciamento de Emerg\u00eancias (CGE) \u00e9 o \u00f3rg\u00e3o que monitora as condi\u00e7\u00f5es clim\u00e1ticas e emite essas notifica\u00e7\u00f5es, visando preparar a popula\u00e7\u00e3o e a infraestrutura da cidade para poss\u00edveis impactos.<\/p>\n<h2>Regi\u00f5es mais afetadas pelas chuvas<\/h2>\n<p>Na \u00faltima manifesta\u00e7\u00e3o do CGE sobre as condi\u00e7\u00f5es clim\u00e1ticas, v\u00e1rias \u00e1reas da cidade de S\u00e3o Paulo estavam sob alerta por conta das chuvas. As zonas afetadas incluem:<\/p>\n<ul>\n<li>Zona Norte;<\/li>\n<li>Zona Leste;<\/li>\n<li>Zona Oeste;<\/li>\n<li>Zona Sul;<\/li>\n<li>Zona Sudeste;<\/li>\n<li>Centro;<\/li>\n<li>Marginal Tiet\u00ea;<\/li>\n<li>Marginal Pinheiros.<\/li>\n<\/ul>\n<p>Essas regi\u00f5es podem apresentar diferentes n\u00edveis de alagamento, com as \u00e1reas pr\u00f3ximas a rios e c\u00f3rregos sendo especialmente vulner\u00e1veis. O radar meteorol\u00f3gico do CGE costuma identificar pontos de intensidade variada das chuvas, sendo fundamental acompanhar essas atualiza\u00e7\u00f5es.<\/p>\n<p><img decoding=\"async\" src=\"https:\/\/www.encontralapa.com.br\/sobre\/wp-content\/uploads\/2026\/04\/cidade-de-sp-entra-em-estado-de-atencao-para-alagamentos-nesta-terca.webp\" alt=\"estado de aten\u00e7\u00e3o para alagamentos\" loading=\"lazy\" \/><\/p>\n<h2>Impacto das chuvas na mobilidade urbana<\/h2>\n<p>Quando ocorre um estado de aten\u00e7\u00e3o para alagamentos, a mobilidade urbana sofre consider\u00e1veis altera\u00e7\u00f5es. Os principais impactos se manifestam atrav\u00e9s de:<\/p>\n<ul>\n<li>Dificuldade no tr\u00e1fego: Ruas alagadas podem causar reten\u00e7\u00f5es significativas, afetando o transporte p\u00fablico e ve\u00edculos particulares.<\/li>\n<li>Interrup\u00e7\u00f5es no transporte p\u00fablico: Linhas de \u00f4nibus podem ter seu itiner\u00e1rio alterado ou at\u00e9 mesmo serem suspensas por quest\u00f5es de seguran\u00e7a.<\/li>\n<li>Aumento de acidentes: A visibilidade reduzida e o aquaplanagem nas pistas aumentam os riscos de colis\u00f5es e outros acidentes de tr\u00e2nsito.<\/li>\n<\/ul>\n<p>Portanto, \u00e9 essencial que os motoristas e usu\u00e1rios do transporte p\u00fablico estejam atentos \u00e0s informa\u00e7\u00f5es fornecidas pela Defesa Civil e pelo CGE durante per\u00edodos de chuvas intensas.<\/p>\n<h2>Dicas de seguran\u00e7a durante temporais<\/h2>\n<p>Durante temporais, a seguran\u00e7a deve ser prioridade. Algumas recomenda\u00e7\u00f5es incluem:<\/p>\n<ul>\n<li>Mantenha-se informado: Acompanhe as not\u00edcias e alertas da Defesa Civil e do CGE para saber sobre o estado das chuvas e \u00e1reas de risco. <\/li>\n<li>Evite sair de casa: Se n\u00e3o for necess\u00e1rio, permane\u00e7a em local seguro at\u00e9 que a situa\u00e7\u00e3o melhore.<\/li>\n<li>Desconecte aparelhos eletr\u00f4nicos: Isso previne danos em caso de quedas de energia ou descargas el\u00e9tricas.<\/li>\n<li>Identifique rotas de fuga: Saiba quais caminhos s\u00e3o mais seguros para deixar sua casa, caso seja necess\u00e1rio evacuar.<\/li>\n<li>Prepare um kit de emerg\u00eancia: Inclua \u00e1gua pot\u00e1vel, alimentos n\u00e3o perec\u00edveis, uma lanterna e documentos importantes.<\/li>\n<\/ul>\n<h2>Como se preparar para alagamentos em S\u00e3o Paulo<\/h2>\n<p>A prepara\u00e7\u00e3o \u00e9 crucial para minimizar os danos causados por alagamentos. Algumas a\u00e7\u00f5es que podem ser feitas incluem:<\/p>\n<ul>\n<li>Ajustar o sistema de drenagem: Em muitas resid\u00eancias, garantir que os ralos e calhas estejam desobstru\u00eddos \u00e9 fundamental.<\/li>\n<li>Construir barreiras: Em regi\u00f5es onde os alagamentos s\u00e3o frequentes, a constru\u00e7\u00e3o de barreiras tempor\u00e1rias pode ajudar a evitar a entrada de \u00e1gua nas casas.<\/li>\n<li>Mantendo os documentos organizados: Ter c\u00f3pias de documentos e contratos importantes em um local seguro e acess\u00edvel facilita a recupera\u00e7\u00e3o em caso de perdas.<\/li>\n<li>Acompanhar as previs\u00f5es meteorol\u00f3gicas: Isso ajuda a estar sempre preparado para situa\u00e7\u00f5es de emerg\u00eancia.<\/li>\n<\/ul>\n<h2>Hist\u00f3rico de alagamentos na cidade<\/h2>\n<p>A cidade de S\u00e3o Paulo tem um hist\u00f3rico de problemas causados por alagamentos, especialmente durante a esta\u00e7\u00e3o chuvosa. Em anos anteriores, diversas \u00e1reas enfrentaram inunda\u00e7\u00f5es significativas, resultando em:<\/p>\n<ul>\n<li>Perdas econ\u00f4micas: Muitos neg\u00f3cios tiveram que fechar temporariamente, resultando em preju\u00edzos.<\/li>\n<li>Danos \u00e0 infraestrutura: Ruas danificadas e transporte p\u00fablico afetado.<\/li>\n<li>Risco \u00e0 sa\u00fade p\u00fablica: A \u00e1gua da chuva pode conter poluentes e causar doen\u00e7as. <\/li>\n<\/ul>\n<p>Por isso, \u00e9 importante estudar o hist\u00f3rico da sua regi\u00e3o e tomar medidas preventivas para evitar danos.<\/p>\n<h2>A import\u00e2ncia do monitoramento meteorol\u00f3gico<\/h2>\n<p>O monitoramento das condi\u00e7\u00f5es clim\u00e1ticas \u00e9 essencial para o planejamento urbano e seguran\u00e7a da popula\u00e7\u00e3o. Ele permite:<\/p>\n<ul>\n<li>Previs\u00e3o de eventos extremos: Antecipar a chegada de chuvas intensas possibilita tomar medidas preventivas.<\/li>\n<li>Informar a popula\u00e7\u00e3o: Alertas podem ser emitidos r\u00e1pidamente, guiando a popula\u00e7\u00e3o sobre como proceder em caso de emerg\u00eancias.<\/li>\n<li>Reduzir riscos: Com informa\u00e7\u00f5es precisas, \u00e9 poss\u00edvel minimizar os impactos nas \u00e1reas afetadas.<\/li>\n<\/ul>\n<h2>A\u00e7\u00f5es da Defesa Civil durante emerg\u00eancias<\/h2>\n<p>A Defesa Civil desempenha um papel crucial em situa\u00e7\u00f5es de crise, implementando a\u00e7\u00f5es como:<\/p>\n<ul>\n<li>Monitoramento cont\u00ednuo: Acompanhar as condi\u00e7\u00f5es meteorol\u00f3gicas e a situa\u00e7\u00e3o das \u00e1reas de risco.<\/li>\n<li>Emiss\u00e3o de alertas: Notificar a popula\u00e7\u00e3o sobre riscos iminentes e medidas de seguran\u00e7a.<\/li>\n<li>Atendimento emergencial: Garantir assist\u00eancia \u00e0s v\u00edtimas e suporte em situa\u00e7\u00f5es de evacua\u00e7\u00e3o.<\/li>\n<\/ul>\n<h2>O papel da popula\u00e7\u00e3o em situa\u00e7\u00f5es de emerg\u00eancia<\/h2>\n<p>A popula\u00e7\u00e3o tamb\u00e9m desempenha um papel fundamental durante emerg\u00eancias, podendo contribuir de v\u00e1rias maneiras:<\/p>\n<ul>\n<li>Seguir orienta\u00e7\u00f5es: \u00c9 vital ouvir e seguir as instru\u00e7\u00f5es fornecidas pelos \u00f3rg\u00e3os oficiais.<\/li>\n<li>Solidariedade: Oferecer ajuda a vizinhos e pessoas que necessitam pode fazer uma grande diferen\u00e7a.<\/li>\n<li>Relatar problemas: Comunicar \u00e0 Defesa Civil sobre quaisquer situa\u00e7\u00f5es de risco, como alagamentos ou deslizamentos de terra, ajuda na resposta mais eficaz.<\/li>\n<\/ul>\n<h2>O que dizem os meteorologistas sobre o clima atual?<\/h2>\n<p>Os meteorologistas destacam a necessidade de aten\u00e7\u00e3o redobrada nos per\u00edodos chuvosos. Especialistas ressaltam:<\/p>\n<ul>\n<li>Os padr\u00f5es de chuvas est\u00e3o mudando: Com as mudan\u00e7as clim\u00e1ticas, os eventos de chuva intensa est\u00e3o se tornando mais frequentes.<\/li>\n<li>A import\u00e2ncia da infraestrutura: Cidades devem investir em drenagem e planejamento urbano para mitigar os impactos das chuvas.<\/li>\n<li>Educa\u00e7\u00e3o ambiental: Conscientizar a popula\u00e7\u00e3o sobre os riscos e como agir em situa\u00e7\u00f5es de emerg\u00eancia \u00e9 essencial.<\/li>\n<\/ul>\n<p>Em resumo, um estado de aten\u00e7\u00e3o para alagamentos \u00e9 um alerta que requer vigil\u00e2ncia e a\u00e7\u00e3o tanto das autoridades quanto da popula\u00e7\u00e3o, visando a seguran\u00e7a de todos durante per\u00edodos de chuva intensa e poss\u00edveis alagamentos.<\/p>\n\n<div style=\"font-size: 0px; height: 0px; line-height: 0px; margin: 0; padding: 0; clear: both;\"><\/div>","protected":false},"excerpt":{"rendered":"<p>Estado de aten\u00e7\u00e3o em SP: alagamentos causados por chuvas fortes na capital paulista.<\/p>\n","protected":false},"author":1,"featured_media":31997,"comment_status":"open","ping_status":"closed","sticky":false,"template":"","format":"standard","meta":{"footnotes":""},"categories":[3],"tags":[],"class_list":["post-31998","post","type-post","status-publish","format-standard","has-post-thumbnail","hentry","category-noticias-na-lapa","has_thumb"],"yoast_head":"<!-- This site is optimized with the Yoast SEO plugin v26.5 - https:\/\/yoast.com\/wordpress\/plugins\/seo\/ -->\n<title>Cidade de SP entra em estado de aten\u00e7\u00e3o para alagamentos nesta ter\u00e7a - Encontra Lapa<\/title>\n<meta name=\"robots\" content=\"index, follow, max-snippet:-1, max-image-preview:large, max-video-preview:-1\" \/>\n<link rel=\"canonical\" href=\"https:\/\/www.encontralapa.com.br\/sobre\/cidade-de-sp-entra-em-estado-de-atencao-para-alagamentos-nesta-terca\/\" \/>\n<meta property=\"og:locale\" content=\"pt_BR\" \/>\n<meta property=\"og:type\" content=\"article\" \/>\n<meta property=\"og:title\" content=\"Cidade de SP entra em estado de aten\u00e7\u00e3o para alagamentos nesta ter\u00e7a - Encontra Lapa\" \/>\n<meta property=\"og:description\" content=\"Estado de aten\u00e7\u00e3o em SP: alagamentos causados por chuvas fortes na capital paulista.\" \/>\n<meta property=\"og:url\" content=\"https:\/\/www.encontralapa.com.br\/sobre\/cidade-de-sp-entra-em-estado-de-atencao-para-alagamentos-nesta-terca\/\" \/>\n<meta property=\"og:site_name\" content=\"Encontra Lapa\" \/>\n<meta property=\"article:published_time\" content=\"2026-04-26T06:57:13+00:00\" \/>\n<meta property=\"og:image\" content=\"https:\/\/www.encontralapa.com.br\/sobre\/wp-content\/uploads\/2026\/04\/cidade-de-sp-entra-em-estado-de-atencao-para-alagamentos-nesta-terca.webp\" \/>\n<meta name=\"author\" content=\"Encontra Lapa\" \/>\n<meta name=\"twitter:card\" content=\"summary_large_image\" \/>\n<meta name=\"twitter:label1\" content=\"Escrito por\" \/>\n\t<meta name=\"twitter:data1\" content=\"Encontra Lapa\" \/>\n\t<meta name=\"twitter:label2\" content=\"Est. tempo de leitura\" \/>\n\t<meta name=\"twitter:data2\" content=\"5 minutos\" \/>\n<script type=\"application\/ld+json\" class=\"yoast-schema-graph\">{\"@context\":\"https:\/\/schema.org\",\"@graph\":[{\"@type\":\"WebPage\",\"@id\":\"https:\/\/www.encontralapa.com.br\/sobre\/cidade-de-sp-entra-em-estado-de-atencao-para-alagamentos-nesta-terca\/\",\"url\":\"https:\/\/www.encontralapa.com.br\/sobre\/cidade-de-sp-entra-em-estado-de-atencao-para-alagamentos-nesta-terca\/\",\"name\":\"Cidade de SP entra em estado de aten\u00e7\u00e3o para alagamentos nesta ter\u00e7a - Encontra Lapa\",\"isPartOf\":{\"@id\":\"https:\/\/www.encontralapa.com.br\/sobre\/#website\"},\"primaryImageOfPage\":{\"@id\":\"https:\/\/www.encontralapa.com.br\/sobre\/cidade-de-sp-entra-em-estado-de-atencao-para-alagamentos-nesta-terca\/#primaryimage\"},\"image\":{\"@id\":\"https:\/\/www.encontralapa.com.br\/sobre\/cidade-de-sp-entra-em-estado-de-atencao-para-alagamentos-nesta-terca\/#primaryimage\"},\"thumbnailUrl\":\"https:\/\/www.encontralapa.com.br\/sobre\/wp-content\/uploads\/2026\/04\/cidade-de-sp-entra-em-estado-de-atencao-para-alagamentos-nesta-terca.webp\",\"datePublished\":\"2026-04-26T06:57:13+00:00\",\"author\":{\"@id\":\"https:\/\/www.encontralapa.com.br\/sobre\/#\/schema\/person\/8b7ec9c81d35680491eb563abaeccac7\"},\"breadcrumb\":{\"@id\":\"https:\/\/www.encontralapa.com.br\/sobre\/cidade-de-sp-entra-em-estado-de-atencao-para-alagamentos-nesta-terca\/#breadcrumb\"},\"inLanguage\":\"pt-BR\",\"potentialAction\":[{\"@type\":\"ReadAction\",\"target\":[\"https:\/\/www.encontralapa.com.br\/sobre\/cidade-de-sp-entra-em-estado-de-atencao-para-alagamentos-nesta-terca\/\"]}]},{\"@type\":\"ImageObject\",\"inLanguage\":\"pt-BR\",\"@id\":\"https:\/\/www.encontralapa.com.br\/sobre\/cidade-de-sp-entra-em-estado-de-atencao-para-alagamentos-nesta-terca\/#primaryimage\",\"url\":\"https:\/\/www.encontralapa.com.br\/sobre\/wp-content\/uploads\/2026\/04\/cidade-de-sp-entra-em-estado-de-atencao-para-alagamentos-nesta-terca.webp\",\"contentUrl\":\"https:\/\/www.encontralapa.com.br\/sobre\/wp-content\/uploads\/2026\/04\/cidade-de-sp-entra-em-estado-de-atencao-para-alagamentos-nesta-terca.webp\",\"width\":280,\"height\":280,\"caption\":\"estado de aten\u00e7\u00e3o para alagamentos\"},{\"@type\":\"BreadcrumbList\",\"@id\":\"https:\/\/www.encontralapa.com.br\/sobre\/cidade-de-sp-entra-em-estado-de-atencao-para-alagamentos-nesta-terca\/#breadcrumb\",\"itemListElement\":[{\"@type\":\"ListItem\",\"position\":1,\"name\":\"In\u00edcio\",\"item\":\"https:\/\/www.encontralapa.com.br\/sobre\/\"},{\"@type\":\"ListItem\",\"position\":2,\"name\":\"Cidade de SP entra em estado de aten\u00e7\u00e3o para alagamentos nesta ter\u00e7a\"}]},{\"@type\":\"WebSite\",\"@id\":\"https:\/\/www.encontralapa.com.br\/sobre\/#website\",\"url\":\"https:\/\/www.encontralapa.com.br\/sobre\/\",\"name\":\"Encontra Lapa\",\"description\":\"Not\u00edcias, eventos, informa\u00e7\u00f5es e dicas no bairro Lapa e regi\u00e3o.\",\"potentialAction\":[{\"@type\":\"SearchAction\",\"target\":{\"@type\":\"EntryPoint\",\"urlTemplate\":\"https:\/\/www.encontralapa.com.br\/sobre\/?s={search_term_string}\"},\"query-input\":{\"@type\":\"PropertyValueSpecification\",\"valueRequired\":true,\"valueName\":\"search_term_string\"}}],\"inLanguage\":\"pt-BR\"},{\"@type\":\"Person\",\"@id\":\"https:\/\/www.encontralapa.com.br\/sobre\/#\/schema\/person\/8b7ec9c81d35680491eb563abaeccac7\",\"name\":\"Encontra Lapa\",\"image\":{\"@type\":\"ImageObject\",\"inLanguage\":\"pt-BR\",\"@id\":\"https:\/\/www.encontralapa.com.br\/sobre\/#\/schema\/person\/image\/\",\"url\":\"https:\/\/secure.gravatar.com\/avatar\/0fbed662e37531ae23e68f85f9517b2454e50c1dfebf80eb9b721449ac95e0b9?s=96&d=mm&r=g\",\"contentUrl\":\"https:\/\/secure.gravatar.com\/avatar\/0fbed662e37531ae23e68f85f9517b2454e50c1dfebf80eb9b721449ac95e0b9?s=96&d=mm&r=g\",\"caption\":\"Encontra Lapa\"},\"url\":\"https:\/\/www.encontralapa.com.br\/sobre\/author\/elapa\/\"}]}<\/script>\n<!-- \/ Yoast SEO plugin. -->","yoast_head_json":{"title":"Cidade de SP entra em estado de aten\u00e7\u00e3o para alagamentos nesta ter\u00e7a - Encontra Lapa","robots":{"index":"index","follow":"follow","max-snippet":"max-snippet:-1","max-image-preview":"max-image-preview:large","max-video-preview":"max-video-preview:-1"},"canonical":"https:\/\/www.encontralapa.com.br\/sobre\/cidade-de-sp-entra-em-estado-de-atencao-para-alagamentos-nesta-terca\/","og_locale":"pt_BR","og_type":"article","og_title":"Cidade de SP entra em estado de aten\u00e7\u00e3o para alagamentos nesta ter\u00e7a - Encontra Lapa","og_description":"Estado de aten\u00e7\u00e3o em SP: alagamentos causados por chuvas fortes na capital paulista.","og_url":"https:\/\/www.encontralapa.com.br\/sobre\/cidade-de-sp-entra-em-estado-de-atencao-para-alagamentos-nesta-terca\/","og_site_name":"Encontra Lapa","article_published_time":"2026-04-26T06:57:13+00:00","og_image":[{"url":"https:\/\/www.encontralapa.com.br\/sobre\/wp-content\/uploads\/2026\/04\/cidade-de-sp-entra-em-estado-de-atencao-para-alagamentos-nesta-terca.webp","type":"","width":"","height":""}],"author":"Encontra Lapa","twitter_card":"summary_large_image","twitter_misc":{"Escrito por":"Encontra Lapa","Est. tempo de leitura":"5 minutos"},"schema":{"@context":"https:\/\/schema.org","@graph":[{"@type":"WebPage","@id":"https:\/\/www.encontralapa.com.br\/sobre\/cidade-de-sp-entra-em-estado-de-atencao-para-alagamentos-nesta-terca\/","url":"https:\/\/www.encontralapa.com.br\/sobre\/cidade-de-sp-entra-em-estado-de-atencao-para-alagamentos-nesta-terca\/","name":"Cidade de SP entra em estado de aten\u00e7\u00e3o para alagamentos nesta ter\u00e7a - Encontra Lapa","isPartOf":{"@id":"https:\/\/www.encontralapa.com.br\/sobre\/#website"},"primaryImageOfPage":{"@id":"https:\/\/www.encontralapa.com.br\/sobre\/cidade-de-sp-entra-em-estado-de-atencao-para-alagamentos-nesta-terca\/#primaryimage"},"image":{"@id":"https:\/\/www.encontralapa.com.br\/sobre\/cidade-de-sp-entra-em-estado-de-atencao-para-alagamentos-nesta-terca\/#primaryimage"},"thumbnailUrl":"https:\/\/www.encontralapa.com.br\/sobre\/wp-content\/uploads\/2026\/04\/cidade-de-sp-entra-em-estado-de-atencao-para-alagamentos-nesta-terca.webp","datePublished":"2026-04-26T06:57:13+00:00","author":{"@id":"https:\/\/www.encontralapa.com.br\/sobre\/#\/schema\/person\/8b7ec9c81d35680491eb563abaeccac7"},"breadcrumb":{"@id":"https:\/\/www.encontralapa.com.br\/sobre\/cidade-de-sp-entra-em-estado-de-atencao-para-alagamentos-nesta-terca\/#breadcrumb"},"inLanguage":"pt-BR","potentialAction":[{"@type":"ReadAction","target":["https:\/\/www.encontralapa.com.br\/sobre\/cidade-de-sp-entra-em-estado-de-atencao-para-alagamentos-nesta-terca\/"]}]},{"@type":"ImageObject","inLanguage":"pt-BR","@id":"https:\/\/www.encontralapa.com.br\/sobre\/cidade-de-sp-entra-em-estado-de-atencao-para-alagamentos-nesta-terca\/#primaryimage","url":"https:\/\/www.encontralapa.com.br\/sobre\/wp-content\/uploads\/2026\/04\/cidade-de-sp-entra-em-estado-de-atencao-para-alagamentos-nesta-terca.webp","contentUrl":"https:\/\/www.encontralapa.com.br\/sobre\/wp-content\/uploads\/2026\/04\/cidade-de-sp-entra-em-estado-de-atencao-para-alagamentos-nesta-terca.webp","width":280,"height":280,"caption":"estado de aten\u00e7\u00e3o para alagamentos"},{"@type":"BreadcrumbList","@id":"https:\/\/www.encontralapa.com.br\/sobre\/cidade-de-sp-entra-em-estado-de-atencao-para-alagamentos-nesta-terca\/#breadcrumb","itemListElement":[{"@type":"ListItem","position":1,"name":"In\u00edcio","item":"https:\/\/www.encontralapa.com.br\/sobre\/"},{"@type":"ListItem","position":2,"name":"Cidade de SP entra em estado de aten\u00e7\u00e3o para alagamentos nesta ter\u00e7a"}]},{"@type":"WebSite","@id":"https:\/\/www.encontralapa.com.br\/sobre\/#website","url":"https:\/\/www.encontralapa.com.br\/sobre\/","name":"Encontra Lapa","description":"Not\u00edcias, eventos, informa\u00e7\u00f5es e dicas no bairro Lapa e regi\u00e3o.","potentialAction":[{"@type":"SearchAction","target":{"@type":"EntryPoint","urlTemplate":"https:\/\/www.encontralapa.com.br\/sobre\/?s={search_term_string}"},"query-input":{"@type":"PropertyValueSpecification","valueRequired":true,"valueName":"search_term_string"}}],"inLanguage":"pt-BR"},{"@type":"Person","@id":"https:\/\/www.encontralapa.com.br\/sobre\/#\/schema\/person\/8b7ec9c81d35680491eb563abaeccac7","name":"Encontra Lapa","image":{"@type":"ImageObject","inLanguage":"pt-BR","@id":"https:\/\/www.encontralapa.com.br\/sobre\/#\/schema\/person\/image\/","url":"https:\/\/secure.gravatar.com\/avatar\/0fbed662e37531ae23e68f85f9517b2454e50c1dfebf80eb9b721449ac95e0b9?s=96&d=mm&r=g","contentUrl":"https:\/\/secure.gravatar.com\/avatar\/0fbed662e37531ae23e68f85f9517b2454e50c1dfebf80eb9b721449ac95e0b9?s=96&d=mm&r=g","caption":"Encontra Lapa"},"url":"https:\/\/www.encontralapa.com.br\/sobre\/author\/elapa\/"}]}},"_links":{"self":[{"href":"https:\/\/www.encontralapa.com.br\/sobre\/wp-json\/wp\/v2\/posts\/31998","targetHints":{"allow":["GET"]}}],"collection":[{"href":"https:\/\/www.encontralapa.com.br\/sobre\/wp-json\/wp\/v2\/posts"}],"about":[{"href":"https:\/\/www.encontralapa.com.br\/sobre\/wp-json\/wp\/v2\/types\/post"}],"author":[{"embeddable":true,"href":"https:\/\/www.encontralapa.com.br\/sobre\/wp-json\/wp\/v2\/users\/1"}],"replies":[{"embeddable":true,"href":"https:\/\/www.encontralapa.com.br\/sobre\/wp-json\/wp\/v2\/comments?post=31998"}],"version-history":[{"count":0,"href":"https:\/\/www.encontralapa.com.br\/sobre\/wp-json\/wp\/v2\/posts\/31998\/revisions"}],"wp:featuredmedia":[{"embeddable":true,"href":"https:\/\/www.encontralapa.com.br\/sobre\/wp-json\/wp\/v2\/media\/31997"}],"wp:attachment":[{"href":"https:\/\/www.encontralapa.com.br\/sobre\/wp-json\/wp\/v2\/media?parent=31998"}],"wp:term":[{"taxonomy":"category","embeddable":true,"href":"https:\/\/www.encontralapa.com.br\/sobre\/wp-json\/wp\/v2\/categories?post=31998"},{"taxonomy":"post_tag","embeddable":true,"href":"https:\/\/www.encontralapa.com.br\/sobre\/wp-json\/wp\/v2\/tags?post=31998"}],"curies":[{"name":"wp","href":"https:\/\/api.w.org\/{rel}","templated":true}]}}