{"id":31960,"date":"2026-04-19T03:55:39","date_gmt":"2026-04-19T06:55:39","guid":{"rendered":"https:\/\/www.encontralapa.com.br\/sobre\/procon-multa-bar-no-rio-por-placa-contra-cidadaos-dos-eua-e-de-israel\/"},"modified":"2026-04-19T03:55:39","modified_gmt":"2026-04-19T06:55:39","slug":"procon-multa-bar-no-rio-por-placa-contra-cidadaos-dos-eua-e-de-israel","status":"publish","type":"post","link":"https:\/\/www.encontralapa.com.br\/sobre\/procon-multa-bar-no-rio-por-placa-contra-cidadaos-dos-eua-e-de-israel\/","title":{"rendered":"Procon multa bar no Rio por placa contra cidad\u00e3os dos EUA e de Israel"},"content":{"rendered":"<div class=\"1de5f6e57d654156b3d0cb31ae6c7c01\" data-index=\"1\" style=\"float: none; margin:0px;\">\n<!-- Anuncio display - global -->\r\n<ins class=\"adsbygoogle\"\r\n     style=\"display:block\"\r\n     data-ad-client=\"ca-pub-8585364105181520\"\r\n     data-ad-slot=\"8789329856\"\r\n     data-ad-format=\"auto\"\r\n     data-full-width-responsive=\"true\"><\/ins>\r\n<script>\r\n     (adsbygoogle = window.adsbygoogle || []).push({});\r\n<\/script>\n<\/div>\n<h2>O que Afirma a Placa do Bar Partisan<\/h2>\n<p>Uma controv\u00e9rsia emergiu com a instala\u00e7\u00e3o de uma placa na entrada do bar Partisan, localizado no famoso bairro da Lapa, no Rio de Janeiro. O sinal, exposto em ingl\u00eas, expressava que cidad\u00e3os dos Estados Unidos e de Israel n\u00e3o eram bem-vindos no local. Essa declara\u00e7\u00e3o provocou um intenso debate sobre a liberdade de express\u00e3o versus as normas de igualdade e respeito aos direitos dos consumidores.<\/p>\n<h2>Rea\u00e7\u00e3o do Procon-RJ e a Multa Aplicada<\/h2>\n<p>A Secretaria Municipal de Prote\u00e7\u00e3o e Defesa do Consumidor, atrav\u00e9s do Procon-RJ, imp\u00f4s uma multa significativa de R$ 9.520 ao bar, considerando a mensagem exibida na placa como uma forma de discrimina\u00e7\u00e3o. A autarquia esclareceu que essa a\u00e7\u00e3o caracteriza uma pr\u00e1tica abusiva, j\u00e1 que o C\u00f3digo de Defesa do Consumidor pro\u00edbe a recusa de atendimento sem uma justificativa v\u00e1lida e destaca a import\u00e2ncia de um tratamento respeitoso a todos os clientes.<\/p>\n<h2>Entendendo a Pr\u00e1tica Abusiva e suas Consequ\u00eancias<\/h2>\n<p>As a\u00e7\u00f5es do bar foram classificadas pelo Procon-RJ como uma infra\u00e7\u00e3o grave \u00e0s normas de defesa do consumidor. A pr\u00e1tica de recusar atendimento com base na nacionalidade ou origem contraria princ\u00edpios fundamentais do C\u00f3digo de Defesa do Consumidor, que visa proteger todos os cidad\u00e3os contra atitudes discriminat\u00f3rias, colocando em risco a integridade e os direitos dos consumidores.<\/p>\n<p><img decoding=\"async\" src=\"https:\/\/www.encontralapa.com.br\/sobre\/wp-content\/uploads\/2026\/04\/procon-multa-bar-no-rio-por-placa-contra-cidadaos-dos-eua-e-de-israel.webp\" alt=\"multa Procon bar discrimina\u00e7\u00e3o\" loading=\"lazy\" \/><\/p>\n<h2>O Papel do Procon na Prote\u00e7\u00e3o do Consumidor<\/h2>\n<p>O Procon-RJ desempenha um papel crucial na fiscaliza\u00e7\u00e3o e na prote\u00e7\u00e3o dos direitos dos consumidores. A institui\u00e7\u00e3o \u00e9 respons\u00e1vel por garantir que pr\u00e1ticas comerciais justas sejam seguidas e que todos os consumidores tenham acesso a servi\u00e7os e produtos sem discrimina\u00e7\u00e3o. Com sua investiga\u00e7\u00e3o e respectivas a\u00e7\u00f5es legais, o Procon atua para promover um ambiente de consumo mais equitativo e respeitoso.<\/p>\n<h2>Implica\u00e7\u00f5es da Discrimina\u00e7\u00e3o em Estabelecimentos Comerciais<\/h2>\n<p>A discrimina\u00e7\u00e3o em estabelecimentos comerciais pode ter s\u00e9rias consequ\u00eancias, n\u00e3o apenas para os indiv\u00edduos afetados, mas tamb\u00e9m para os neg\u00f3cios que adotam tais pr\u00e1ticas. Al\u00e9m das multas, a\u00e7\u00f5es discriminat\u00f3rias podem resultar na perda de clientela e na reputa\u00e7\u00e3o negativa do estabelecimento, impactando diretamente seu funcionamento e lucratividade.<\/p>\n<h2>A Resposta do Bar Partisan \u00e0 Multa<\/h2>\n<p>O bar Partisan foi abordado para comentar sobre a multa imposta, mas at\u00e9 o presente momento, n\u00e3o houve retorno oficial. Nas redes sociais, amigos e apoiadores do bar manifestaram solidariedade, defendendo a liberdade de express\u00e3o e criticando a a\u00e7\u00e3o do Procon-RJ.<\/p>\n<h2>A Import\u00e2ncia da Inclus\u00e3o e N\u00e3o Discrimina\u00e7\u00e3o<\/h2>\n<p>A promo\u00e7\u00e3o de um ambiente inclusivo e respeitoso \u00e9 fundamental para a constru\u00e7\u00e3o de uma sociedade mais justa. Todos os consumidores, independentemente de sua nacionalidade ou origem, devem ter o direito de frequentar espa\u00e7os de lazer sem enfrentar discrimina\u00e7\u00e3o. A inclus\u00e3o melhora a experi\u00eancia de todos e contribui para a diversidade cultural.<\/p>\n<h2>Opini\u00f5es Divergentes nas Redes Sociais<\/h2>\n<p>A discuss\u00e3o sobre a placa do bar gerou opini\u00f5es polarizadas nas redes sociais. Defensores da decis\u00e3o do Procon-RJ argumentam que a prote\u00e7\u00e3o aos direitos dos consumidores deve ser priorizada, enquanto outros acreditam que o bar deveria ter o direito de expressar suas opini\u00f5es. Essa divis\u00e3o reflete a complexidade das quest\u00f5es de liberdade de express\u00e3o versus respeito \u00e0 igualdade.<\/p>\n<h2>Legisla\u00e7\u00e3o que Protege Contra Pr\u00e1ticas Discriminat\u00f3rias<\/h2>\n<p>A legisla\u00e7\u00e3o brasileira, por meio do C\u00f3digo de Defesa do Consumidor, estabelece regras r\u00edgidas quanto ao tratamento de clientes. Al\u00e9m disso, a Constitui\u00e7\u00e3o Federal garante igualdade de direitos a todos os cidad\u00e3os, refor\u00e7ando a no\u00e7\u00e3o de que pr\u00e1ticas discriminat\u00f3rias s\u00e3o inaceit\u00e1veis em qualquer contexto, especialmente no com\u00e9rcio.<\/p>\n<h2>Reflex\u00f5es sobre Toler\u00e2ncia e Diversidade em Neg\u00f3cios<\/h2>\n<p>O incidente com o bar Partisan levanta quest\u00f5es importantes sobre toler\u00e2ncia e diversidade no ambiente de neg\u00f3cios. As empresas devem promover pol\u00edticas que celebrem a diversidade, respeitando todas as formas de individualidade e garantindo um espa\u00e7o acolhedor para todos. A gest\u00e3o adequada da diversidade n\u00e3o s\u00f3 atende a normas legais como tamb\u00e9m favorece o crescimento e a inova\u00e7\u00e3o nos neg\u00f3cios.<\/p>\n\n<div style=\"font-size: 0px; height: 0px; line-height: 0px; margin: 0; padding: 0; clear: both;\"><\/div>","protected":false},"excerpt":{"rendered":"<p>Procon multa bar no Rio por placa discriminat\u00f3ria contra cidad\u00e3os dos EUA e de Israel.<\/p>\n","protected":false},"author":1,"featured_media":31959,"comment_status":"open","ping_status":"closed","sticky":false,"template":"","format":"standard","meta":{"footnotes":""},"categories":[3],"tags":[],"class_list":["post-31960","post","type-post","status-publish","format-standard","has-post-thumbnail","hentry","category-noticias-na-lapa","has_thumb"],"yoast_head":"<!-- This site is optimized with the Yoast SEO plugin v26.5 - https:\/\/yoast.com\/wordpress\/plugins\/seo\/ -->\n<title>Procon multa bar no Rio por placa contra cidad\u00e3os dos EUA e de Israel - Encontra Lapa<\/title>\n<meta name=\"robots\" content=\"index, follow, max-snippet:-1, max-image-preview:large, max-video-preview:-1\" \/>\n<link rel=\"canonical\" href=\"https:\/\/www.encontralapa.com.br\/sobre\/procon-multa-bar-no-rio-por-placa-contra-cidadaos-dos-eua-e-de-israel\/\" \/>\n<meta property=\"og:locale\" content=\"pt_BR\" \/>\n<meta property=\"og:type\" content=\"article\" \/>\n<meta property=\"og:title\" content=\"Procon multa bar no Rio por placa contra cidad\u00e3os dos EUA e de Israel - Encontra Lapa\" \/>\n<meta property=\"og:description\" content=\"Procon multa bar no Rio por placa discriminat\u00f3ria contra cidad\u00e3os dos EUA e de Israel.\" \/>\n<meta property=\"og:url\" content=\"https:\/\/www.encontralapa.com.br\/sobre\/procon-multa-bar-no-rio-por-placa-contra-cidadaos-dos-eua-e-de-israel\/\" \/>\n<meta property=\"og:site_name\" content=\"Encontra Lapa\" \/>\n<meta property=\"article:published_time\" content=\"2026-04-19T06:55:39+00:00\" \/>\n<meta property=\"og:image\" content=\"https:\/\/www.encontralapa.com.br\/sobre\/wp-content\/uploads\/2026\/04\/procon-multa-bar-no-rio-por-placa-contra-cidadaos-dos-eua-e-de-israel.webp\" \/>\n<meta name=\"author\" content=\"Encontra Lapa\" \/>\n<meta name=\"twitter:card\" content=\"summary_large_image\" \/>\n<meta name=\"twitter:label1\" content=\"Escrito por\" \/>\n\t<meta name=\"twitter:data1\" content=\"Encontra Lapa\" \/>\n\t<meta name=\"twitter:label2\" content=\"Est. tempo de leitura\" \/>\n\t<meta name=\"twitter:data2\" content=\"4 minutos\" \/>\n<script type=\"application\/ld+json\" class=\"yoast-schema-graph\">{\"@context\":\"https:\/\/schema.org\",\"@graph\":[{\"@type\":\"WebPage\",\"@id\":\"https:\/\/www.encontralapa.com.br\/sobre\/procon-multa-bar-no-rio-por-placa-contra-cidadaos-dos-eua-e-de-israel\/\",\"url\":\"https:\/\/www.encontralapa.com.br\/sobre\/procon-multa-bar-no-rio-por-placa-contra-cidadaos-dos-eua-e-de-israel\/\",\"name\":\"Procon multa bar no Rio por placa contra cidad\u00e3os dos EUA e de Israel - Encontra Lapa\",\"isPartOf\":{\"@id\":\"https:\/\/www.encontralapa.com.br\/sobre\/#website\"},\"primaryImageOfPage\":{\"@id\":\"https:\/\/www.encontralapa.com.br\/sobre\/procon-multa-bar-no-rio-por-placa-contra-cidadaos-dos-eua-e-de-israel\/#primaryimage\"},\"image\":{\"@id\":\"https:\/\/www.encontralapa.com.br\/sobre\/procon-multa-bar-no-rio-por-placa-contra-cidadaos-dos-eua-e-de-israel\/#primaryimage\"},\"thumbnailUrl\":\"https:\/\/www.encontralapa.com.br\/sobre\/wp-content\/uploads\/2026\/04\/procon-multa-bar-no-rio-por-placa-contra-cidadaos-dos-eua-e-de-israel.webp\",\"datePublished\":\"2026-04-19T06:55:39+00:00\",\"author\":{\"@id\":\"https:\/\/www.encontralapa.com.br\/sobre\/#\/schema\/person\/8b7ec9c81d35680491eb563abaeccac7\"},\"breadcrumb\":{\"@id\":\"https:\/\/www.encontralapa.com.br\/sobre\/procon-multa-bar-no-rio-por-placa-contra-cidadaos-dos-eua-e-de-israel\/#breadcrumb\"},\"inLanguage\":\"pt-BR\",\"potentialAction\":[{\"@type\":\"ReadAction\",\"target\":[\"https:\/\/www.encontralapa.com.br\/sobre\/procon-multa-bar-no-rio-por-placa-contra-cidadaos-dos-eua-e-de-israel\/\"]}]},{\"@type\":\"ImageObject\",\"inLanguage\":\"pt-BR\",\"@id\":\"https:\/\/www.encontralapa.com.br\/sobre\/procon-multa-bar-no-rio-por-placa-contra-cidadaos-dos-eua-e-de-israel\/#primaryimage\",\"url\":\"https:\/\/www.encontralapa.com.br\/sobre\/wp-content\/uploads\/2026\/04\/procon-multa-bar-no-rio-por-placa-contra-cidadaos-dos-eua-e-de-israel.webp\",\"contentUrl\":\"https:\/\/www.encontralapa.com.br\/sobre\/wp-content\/uploads\/2026\/04\/procon-multa-bar-no-rio-por-placa-contra-cidadaos-dos-eua-e-de-israel.webp\",\"width\":280,\"height\":280,\"caption\":\"multa Procon bar discrimina\u00e7\u00e3o\"},{\"@type\":\"BreadcrumbList\",\"@id\":\"https:\/\/www.encontralapa.com.br\/sobre\/procon-multa-bar-no-rio-por-placa-contra-cidadaos-dos-eua-e-de-israel\/#breadcrumb\",\"itemListElement\":[{\"@type\":\"ListItem\",\"position\":1,\"name\":\"In\u00edcio\",\"item\":\"https:\/\/www.encontralapa.com.br\/sobre\/\"},{\"@type\":\"ListItem\",\"position\":2,\"name\":\"Procon multa bar no Rio por placa contra cidad\u00e3os dos EUA e de Israel\"}]},{\"@type\":\"WebSite\",\"@id\":\"https:\/\/www.encontralapa.com.br\/sobre\/#website\",\"url\":\"https:\/\/www.encontralapa.com.br\/sobre\/\",\"name\":\"Encontra Lapa\",\"description\":\"Not\u00edcias, eventos, informa\u00e7\u00f5es e dicas no bairro Lapa e regi\u00e3o.\",\"potentialAction\":[{\"@type\":\"SearchAction\",\"target\":{\"@type\":\"EntryPoint\",\"urlTemplate\":\"https:\/\/www.encontralapa.com.br\/sobre\/?s={search_term_string}\"},\"query-input\":{\"@type\":\"PropertyValueSpecification\",\"valueRequired\":true,\"valueName\":\"search_term_string\"}}],\"inLanguage\":\"pt-BR\"},{\"@type\":\"Person\",\"@id\":\"https:\/\/www.encontralapa.com.br\/sobre\/#\/schema\/person\/8b7ec9c81d35680491eb563abaeccac7\",\"name\":\"Encontra Lapa\",\"image\":{\"@type\":\"ImageObject\",\"inLanguage\":\"pt-BR\",\"@id\":\"https:\/\/www.encontralapa.com.br\/sobre\/#\/schema\/person\/image\/\",\"url\":\"https:\/\/secure.gravatar.com\/avatar\/0fbed662e37531ae23e68f85f9517b2454e50c1dfebf80eb9b721449ac95e0b9?s=96&d=mm&r=g\",\"contentUrl\":\"https:\/\/secure.gravatar.com\/avatar\/0fbed662e37531ae23e68f85f9517b2454e50c1dfebf80eb9b721449ac95e0b9?s=96&d=mm&r=g\",\"caption\":\"Encontra Lapa\"},\"url\":\"https:\/\/www.encontralapa.com.br\/sobre\/author\/elapa\/\"}]}<\/script>\n<!-- \/ Yoast SEO plugin. -->","yoast_head_json":{"title":"Procon multa bar no Rio por placa contra cidad\u00e3os dos EUA e de Israel - Encontra Lapa","robots":{"index":"index","follow":"follow","max-snippet":"max-snippet:-1","max-image-preview":"max-image-preview:large","max-video-preview":"max-video-preview:-1"},"canonical":"https:\/\/www.encontralapa.com.br\/sobre\/procon-multa-bar-no-rio-por-placa-contra-cidadaos-dos-eua-e-de-israel\/","og_locale":"pt_BR","og_type":"article","og_title":"Procon multa bar no Rio por placa contra cidad\u00e3os dos EUA e de Israel - Encontra Lapa","og_description":"Procon multa bar no Rio por placa discriminat\u00f3ria contra cidad\u00e3os dos EUA e de Israel.","og_url":"https:\/\/www.encontralapa.com.br\/sobre\/procon-multa-bar-no-rio-por-placa-contra-cidadaos-dos-eua-e-de-israel\/","og_site_name":"Encontra Lapa","article_published_time":"2026-04-19T06:55:39+00:00","og_image":[{"url":"https:\/\/www.encontralapa.com.br\/sobre\/wp-content\/uploads\/2026\/04\/procon-multa-bar-no-rio-por-placa-contra-cidadaos-dos-eua-e-de-israel.webp","type":"","width":"","height":""}],"author":"Encontra Lapa","twitter_card":"summary_large_image","twitter_misc":{"Escrito por":"Encontra Lapa","Est. tempo de leitura":"4 minutos"},"schema":{"@context":"https:\/\/schema.org","@graph":[{"@type":"WebPage","@id":"https:\/\/www.encontralapa.com.br\/sobre\/procon-multa-bar-no-rio-por-placa-contra-cidadaos-dos-eua-e-de-israel\/","url":"https:\/\/www.encontralapa.com.br\/sobre\/procon-multa-bar-no-rio-por-placa-contra-cidadaos-dos-eua-e-de-israel\/","name":"Procon multa bar no Rio por placa contra cidad\u00e3os dos EUA e de Israel - Encontra Lapa","isPartOf":{"@id":"https:\/\/www.encontralapa.com.br\/sobre\/#website"},"primaryImageOfPage":{"@id":"https:\/\/www.encontralapa.com.br\/sobre\/procon-multa-bar-no-rio-por-placa-contra-cidadaos-dos-eua-e-de-israel\/#primaryimage"},"image":{"@id":"https:\/\/www.encontralapa.com.br\/sobre\/procon-multa-bar-no-rio-por-placa-contra-cidadaos-dos-eua-e-de-israel\/#primaryimage"},"thumbnailUrl":"https:\/\/www.encontralapa.com.br\/sobre\/wp-content\/uploads\/2026\/04\/procon-multa-bar-no-rio-por-placa-contra-cidadaos-dos-eua-e-de-israel.webp","datePublished":"2026-04-19T06:55:39+00:00","author":{"@id":"https:\/\/www.encontralapa.com.br\/sobre\/#\/schema\/person\/8b7ec9c81d35680491eb563abaeccac7"},"breadcrumb":{"@id":"https:\/\/www.encontralapa.com.br\/sobre\/procon-multa-bar-no-rio-por-placa-contra-cidadaos-dos-eua-e-de-israel\/#breadcrumb"},"inLanguage":"pt-BR","potentialAction":[{"@type":"ReadAction","target":["https:\/\/www.encontralapa.com.br\/sobre\/procon-multa-bar-no-rio-por-placa-contra-cidadaos-dos-eua-e-de-israel\/"]}]},{"@type":"ImageObject","inLanguage":"pt-BR","@id":"https:\/\/www.encontralapa.com.br\/sobre\/procon-multa-bar-no-rio-por-placa-contra-cidadaos-dos-eua-e-de-israel\/#primaryimage","url":"https:\/\/www.encontralapa.com.br\/sobre\/wp-content\/uploads\/2026\/04\/procon-multa-bar-no-rio-por-placa-contra-cidadaos-dos-eua-e-de-israel.webp","contentUrl":"https:\/\/www.encontralapa.com.br\/sobre\/wp-content\/uploads\/2026\/04\/procon-multa-bar-no-rio-por-placa-contra-cidadaos-dos-eua-e-de-israel.webp","width":280,"height":280,"caption":"multa Procon bar discrimina\u00e7\u00e3o"},{"@type":"BreadcrumbList","@id":"https:\/\/www.encontralapa.com.br\/sobre\/procon-multa-bar-no-rio-por-placa-contra-cidadaos-dos-eua-e-de-israel\/#breadcrumb","itemListElement":[{"@type":"ListItem","position":1,"name":"In\u00edcio","item":"https:\/\/www.encontralapa.com.br\/sobre\/"},{"@type":"ListItem","position":2,"name":"Procon multa bar no Rio por placa contra cidad\u00e3os dos EUA e de Israel"}]},{"@type":"WebSite","@id":"https:\/\/www.encontralapa.com.br\/sobre\/#website","url":"https:\/\/www.encontralapa.com.br\/sobre\/","name":"Encontra Lapa","description":"Not\u00edcias, eventos, informa\u00e7\u00f5es e dicas no bairro Lapa e regi\u00e3o.","potentialAction":[{"@type":"SearchAction","target":{"@type":"EntryPoint","urlTemplate":"https:\/\/www.encontralapa.com.br\/sobre\/?s={search_term_string}"},"query-input":{"@type":"PropertyValueSpecification","valueRequired":true,"valueName":"search_term_string"}}],"inLanguage":"pt-BR"},{"@type":"Person","@id":"https:\/\/www.encontralapa.com.br\/sobre\/#\/schema\/person\/8b7ec9c81d35680491eb563abaeccac7","name":"Encontra Lapa","image":{"@type":"ImageObject","inLanguage":"pt-BR","@id":"https:\/\/www.encontralapa.com.br\/sobre\/#\/schema\/person\/image\/","url":"https:\/\/secure.gravatar.com\/avatar\/0fbed662e37531ae23e68f85f9517b2454e50c1dfebf80eb9b721449ac95e0b9?s=96&d=mm&r=g","contentUrl":"https:\/\/secure.gravatar.com\/avatar\/0fbed662e37531ae23e68f85f9517b2454e50c1dfebf80eb9b721449ac95e0b9?s=96&d=mm&r=g","caption":"Encontra Lapa"},"url":"https:\/\/www.encontralapa.com.br\/sobre\/author\/elapa\/"}]}},"_links":{"self":[{"href":"https:\/\/www.encontralapa.com.br\/sobre\/wp-json\/wp\/v2\/posts\/31960","targetHints":{"allow":["GET"]}}],"collection":[{"href":"https:\/\/www.encontralapa.com.br\/sobre\/wp-json\/wp\/v2\/posts"}],"about":[{"href":"https:\/\/www.encontralapa.com.br\/sobre\/wp-json\/wp\/v2\/types\/post"}],"author":[{"embeddable":true,"href":"https:\/\/www.encontralapa.com.br\/sobre\/wp-json\/wp\/v2\/users\/1"}],"replies":[{"embeddable":true,"href":"https:\/\/www.encontralapa.com.br\/sobre\/wp-json\/wp\/v2\/comments?post=31960"}],"version-history":[{"count":0,"href":"https:\/\/www.encontralapa.com.br\/sobre\/wp-json\/wp\/v2\/posts\/31960\/revisions"}],"wp:featuredmedia":[{"embeddable":true,"href":"https:\/\/www.encontralapa.com.br\/sobre\/wp-json\/wp\/v2\/media\/31959"}],"wp:attachment":[{"href":"https:\/\/www.encontralapa.com.br\/sobre\/wp-json\/wp\/v2\/media?parent=31960"}],"wp:term":[{"taxonomy":"category","embeddable":true,"href":"https:\/\/www.encontralapa.com.br\/sobre\/wp-json\/wp\/v2\/categories?post=31960"},{"taxonomy":"post_tag","embeddable":true,"href":"https:\/\/www.encontralapa.com.br\/sobre\/wp-json\/wp\/v2\/tags?post=31960"}],"curies":[{"name":"wp","href":"https:\/\/api.w.org\/{rel}","templated":true}]}}