{"id":31505,"date":"2025-12-16T12:39:00","date_gmt":"2025-12-16T15:39:00","guid":{"rendered":"https:\/\/www.encontralapa.com.br\/sobre\/semana-de-caos-em-sp-ventania-historica-derruba-energia-afeta-aeroportos-e-gera-prejuizo-bilionario\/"},"modified":"2025-12-16T12:39:00","modified_gmt":"2025-12-16T15:39:00","slug":"semana-de-caos-em-sp-ventania-historica-derruba-energia-afeta-aeroportos-e-gera-prejuizo-bilionario","status":"publish","type":"post","link":"https:\/\/www.encontralapa.com.br\/sobre\/semana-de-caos-em-sp-ventania-historica-derruba-energia-afeta-aeroportos-e-gera-prejuizo-bilionario\/","title":{"rendered":"Semana de caos em SP: ventania hist\u00f3rica derruba energia, afeta aeroportos e gera preju\u00edzo bilion\u00e1rio"},"content":{"rendered":"<div class=\"1de5f6e57d654156b3d0cb31ae6c7c01\" data-index=\"1\" style=\"float: none; margin:0px;\">\n<!-- Anuncio display - global -->\r\n<ins class=\"adsbygoogle\"\r\n     style=\"display:block\"\r\n     data-ad-client=\"ca-pub-8585364105181520\"\r\n     data-ad-slot=\"8789329856\"\r\n     data-ad-format=\"auto\"\r\n     data-full-width-responsive=\"true\"><\/ins>\r\n<script>\r\n     (adsbygoogle = window.adsbygoogle || []).push({});\r\n<\/script>\n<\/div>\n<h2>Causas da ventania intensa<\/h2>\n<p>A ventania intensa que afetou S\u00e3o Paulo em dezembro de 2025 tem suas ra\u00edzes em fen\u00f4menos clim\u00e1ticos complexos. Uma das principais causas identificadas para esse evento foi a forma\u00e7\u00e3o de um ciclone extratropical no Sul do Brasil. Este ciclone gerou correntes de ar que resultaram em rajadas de vento que superaram os 98 km\/h na capital paulista. Vale ressaltar que esse fen\u00f4meno n\u00e3o se manifestou acompanhado de chuvas, o que \u00e9 at\u00edpico, pois geralmente eventos de ventos forte v\u00eam junto com tempestades. As altas temperaturas e a umidade residual da atmosfera contribuiram para a intensifica\u00e7\u00e3o das rajadas. Meteorologistas indicam que, apesar de algumas condi\u00e7\u00f5es atmosf\u00e9ricas serem normais para a \u00e9poca do ano, a combina\u00e7\u00e3o espec\u00edfica de elementos clim\u00e1ticos levou a essa ventania sem precedentes.<\/p>\n<h2>Impacto na energia el\u00e9trica<\/h2>\n<p>O impacto da ventania na rede el\u00e9trica foi devastador. Mais de 2 milh\u00f5es de moradores de S\u00e3o Paulo ficaram sem energia el\u00e9trica, o que gerou um caos generalizado na cidade. As fortes rajadas derrubaram postes, arrancaram fios de energia e at\u00e9 provocaram a queda de \u00e1rvores, que com frequ\u00eancia atingiram a infraestrutura el\u00e9trica. A falta de energia n\u00e3o afetou apenas o conforto dos cidad\u00e3os, mas paralisou servi\u00e7os essenciais, como \u00e1gua e sa\u00fade. Estabelecimentos comerciais foram obrigados a interromper atividades, e o restabelecimento do servi\u00e7o se mostrou uma tarefa desafiadora, com longas esperas e informa\u00e7\u00f5es desencontradas sobre a dura\u00e7\u00e3o dos reparos. A concession\u00e1ria respons\u00e1vel, a Enel, foi criticada pela lentid\u00e3o em restaurar a energia e teve que justificar sua performance, enfrentando cobran\u00e7as de autoridades locais e da popula\u00e7\u00e3o.<\/p>\n<h2>Cancelamento de voos em aeroportos<\/h2>\n<p>Os efeitos do vendaval se estenderam para os aeroportos da regi\u00e3o, onde mais de 400 voos foram cancelados. O Aeroporto Internacional de Guarulhos e o Aeroporto de Congonhas enfrentaram s\u00e9rios problemas operacionais devido \u00e0s condi\u00e7\u00f5es adversas. O cancelamento de voos trouxe transtorno para milhares de passageiros, que precisavam se reprogramar para suas viagens. O caos nos aeroportos se intensificou com longas filas e falta de informa\u00e7\u00f5es claras acerca do status dos voos. As companhias a\u00e9reas tamb\u00e9m come\u00e7aram a enfrentar dificuldades financeiras devido \u00e0 quantidade de cancelamentos e aos custos adicionais com reacomoda\u00e7\u00f5es. Apesar de as condi\u00e7\u00f5es clim\u00e1ticas terem se normalizado ap\u00f3s o pico da ventania, as consequ\u00eancias para o transporte a\u00e9reo foram sentidas por dias, evidenciando a fragilidade da infraestrutura diante de fen\u00f4menos clim\u00e1ticos extremos.<\/p>\n<h2>Consequ\u00eancias para o transporte p\u00fablico<\/h2>\n<p>O transporte p\u00fablico na capital paulista tamb\u00e9m foi severamente afetado. A Linha 10\u2013Turquesa da CPTM, por exemplo, experimentou atrasos e interrup\u00e7\u00f5es devido a danos em equipamentos e na rede el\u00e9trica, resultando em longas esperas para os passageiros. Al\u00e9m disso, muitos \u00f4nibus tiveram suas rotas alteradas ou paralisadas devido \u00e0 queda de \u00e1rvores e outros obst\u00e1culos nas ruas. A consequ\u00eancia imediata desse cen\u00e1rio foi uma onda de estresse e frustra\u00e7\u00e3o entre os usu\u00e1rios, muitos dos quais dependem do sistema p\u00fablico de transporte para se deslocar diariamente. O governo local passou a receber reclama\u00e7\u00f5es em massa e foi convocado a prestar explica\u00e7\u00f5es sobre os problemas enfrentados. A inseguran\u00e7a sobre a efic\u00e1cia do sistema de transporte durante situa\u00e7\u00f5es emergenciais se tornou evidente, o que gerou discuss\u00f5es sobre a necessidade de melhorias na infraestrutura e nos planos de conting\u00eancia.<\/p>\n<h2>Perdas econ\u00f4micas significativas<\/h2>\n<p>A ventania provocou perdas econ\u00f4micas significativas na capital. Segundo dados da Fecomercio-SP, o varejo e o setor de servi\u00e7os enfrentaram um preju\u00edzo estimado em R$ 1,54 bilh\u00e3o no per\u00edodo de impacto. As empresas de menor porte, especialmente restaurantes, lojas e pequenos prestadores de servi\u00e7os, foram os mais afetados, pois n\u00e3o tinham margens financeiras suficientes para suportar a paralisa\u00e7\u00e3o das atividades. Muitas destas empresas viram suas opera\u00e7\u00f5es comprometidas, e alguns propriet\u00e1rios relataram perder mercadorias perec\u00edveis devido \u00e0 falta de eletricidade. O impacto n\u00e3o ficou restrito aos comerciantes, pois a cadeia de suprimentos tamb\u00e9m sofreu com atrasos e interrup\u00e7\u00f5es. A situa\u00e7\u00e3o gerou uma preocupa\u00e7\u00e3o ainda maior entre empres\u00e1rios e economistas, que temiam sequ\u00eancias de preju\u00edzos a longo prazo com a continuidade de incertezas clim\u00e1ticas.<\/p>\n<h2>Rea\u00e7\u00f5es das autoridades locais<\/h2>\n<p>As rea\u00e7\u00f5es das autoridades locais foram r\u00e1pidas, mas nem sempre coordenadas. O governador Tarc\u00edsio de Freitas expressou suas preocupa\u00e7\u00f5es sobre a lentid\u00e3o no restabelecimento da energia e criticou a Enel por sua gest\u00e3o ineficiente durante a crise. As autoridades comunicaram que a\u00e7\u00f5es seriam tomadas para investigar as causas da falta de prepara\u00e7\u00e3o da concession\u00e1ria para ????????????? situa\u00e7\u00f5es de emerg\u00eancias clim\u00e1ticas. Al\u00e9m disso, defini\u00e7\u00f5es de novos crit\u00e9rios para a concess\u00e3o de servi\u00e7os p\u00fablicos passaram a ser discutidas, visando melhorar a responsabilidade das empresas prestadoras. Esses eventos levaram tamb\u00e9m a uma maior press\u00e3o para a revis\u00e3o da infraestrutura urbana, pois muitos edif\u00edcios e postes n\u00e3o estavam preparados para suportar ventos dessa intensidade. Essa situa\u00e7\u00e3o ressaltou a import\u00e2ncia de um planejamento urbano que considere os eventos clim\u00e1ticos extremos cada vez mais comuns.<\/p>\n<h2>Relatos de moradores afetados<\/h2>\n<p>Os relatos de moradores que viveram a experi\u00eancia da ventania s\u00e3o impactantes e reveladores. Muitas pessoas relataram momentos de verdadeiro p\u00e2nico e desespero ao ver \u00e1rvores caindo perto de suas casas, al\u00e9m do medo constante de que a energia el\u00e9trica n\u00e3o voltasse. Houve tamb\u00e9m o relato de trag\u00e9dias, como a morte de uma mulher atingida por um muro que desabou sob a for\u00e7a do vento. Moradores de bairros mais afetados pelo caos el\u00e9trico expressaram frustra\u00e7\u00e3o com a falta de suporte e informa\u00e7\u00f5es da Enel, e muitos relataram ter suas rotinas drasticamente alteradas, alguns at\u00e9 preocupados com a deteriora\u00e7\u00e3o de alimentos em suas geladeiras. As hist\u00f3rias de solidariedade tamb\u00e9m surgiram, com vizinhos ajudando-se mutuamente. Esse sentido de comunidade, mesmo em tempos de crise, se destacou como um ponto positivo no meio da adversidade.<\/p>\n<h2>Medidas para preven\u00e7\u00e3o de desastres<\/h2>\n<p>Diante de um evento dessa magnitude, medidas de preven\u00e7\u00e3o se tornaram urgentes. As autoridades come\u00e7aram a discutir a implementa\u00e7\u00e3o de um plano de conting\u00eancia mais robusto para lidar com futuros eventos clim\u00e1ticos extremos. Isso inclui a necessidade de investimentos em uma infraestrutura mais resiliente, que possa suportar os ventos fortes e a queda de \u00e1rvores. Al\u00e9m disso, \u00e9 vital estabelecer campanhas educativas para a popula\u00e7\u00e3o, de modo que as pessoas estejam preparadas para situa\u00e7\u00f5es de emerg\u00eancia. A instala\u00e7\u00e3o de sensores para monitorar condi\u00e7\u00f5es clim\u00e1ticas adversas e a manuten\u00e7\u00e3o regular da vegeta\u00e7\u00e3o urbana a fim de evitar quedas de \u00e1rvores tamb\u00e9m foram apontadas como estrat\u00e9gias necess\u00e1rias. O foco deve ser n\u00e3o apenas na resposta a desastres, mas na mitiga\u00e7\u00e3o de riscos e na preven\u00e7\u00e3o de situa\u00e7\u00f5es similares no futuro.<\/p>\n<h2>Restabelecimento de servi\u00e7os essenciais<\/h2>\n<p>Ao longo dos dias ap\u00f3s a ventania, o restabelecimento dos servi\u00e7os essenciais se tornou uma prioridade para as autoridades. A Enel foi pressionada a resolver a situa\u00e7\u00e3o de forma urgente, visto que os relatos de falta de energia se acumulavam. Em algumas \u00e1reas, a eletricidade demorou mais de 50 horas para voltar, o que gerou tens\u00f5es e protestos por parte da popula\u00e7\u00e3o. Acompanhamento pelos meios de comunica\u00e7\u00e3o e reclama\u00e7\u00f5es em redes sociais tornaram-se comuns, com muitos cidad\u00e3os expressando seu descontentamento. Popula\u00e7\u00f5es vulner\u00e1veis, como idosos e pessoas com necessidades especiais, foram as mais impactadas. A reabilita\u00e7\u00e3o das linhas de transporte p\u00fablico tamb\u00e9m exigiu tempo e recursos, com muitos bairros sofrendo interrup\u00e7\u00f5es prolongadas. A resposta das autoridades foi fundamental para restaurar a confian\u00e7a da popula\u00e7\u00e3o, embora os desafios continuassem vis\u00edveis.<\/p>\n<h2>Observa\u00e7\u00f5es sobre eventos clim\u00e1ticos extremos<\/h2>\n<p>Eventos clim\u00e1ticos extremos est\u00e3o se tornando mais frequentes em todo o mundo, e o que aconteceu em S\u00e3o Paulo serve como um alerta para outros locais. As mudan\u00e7as clim\u00e1ticas t\u00eam o potencial de agravar a intensidade de fen\u00f4menos como ventanias e tempestades, exigindo uma abordagem proativa por parte de governos e sociedades. A experi\u00eancia vivida por S\u00e3o Paulo pode servir como um estudo de caso para a necessidade de adapta\u00e7\u00e3o e resili\u00eancia em meio a condi\u00e7\u00f5es clim\u00e1ticas adversas. A conscientiza\u00e7\u00e3o p\u00fablica e a responsabilidade coletiva s\u00e3o essenciais para enfrentar os desafios que o clima nos apresenta. O entendimento de que situa\u00e7\u00f5es como essa podem ocorrer com maior frequ\u00eancia no futuro deve ser uma prioridade na formula\u00e7\u00e3o de pol\u00edticas p\u00fablicas e na mobiliza\u00e7\u00e3o da sociedade para a\u00e7\u00f5es preventivas e mitigat\u00f3rias.<\/p>\n\n<div style=\"font-size: 0px; height: 0px; line-height: 0px; margin: 0; padding: 0; clear: both;\"><\/div>","protected":false},"excerpt":{"rendered":"<p>Ventania em SP causa caos: saiba como isso afetou a cidade.<\/p>\n","protected":false},"author":1,"featured_media":0,"comment_status":"open","ping_status":"closed","sticky":false,"template":"","format":"standard","meta":{"footnotes":""},"categories":[3],"tags":[],"class_list":["post-31505","post","type-post","status-publish","format-standard","hentry","category-noticias-na-lapa"],"yoast_head":"<!-- This site is optimized with the Yoast SEO plugin v26.5 - https:\/\/yoast.com\/wordpress\/plugins\/seo\/ -->\n<title>Semana de caos em SP: ventania hist\u00f3rica derruba energia, afeta aeroportos e gera preju\u00edzo bilion\u00e1rio - Encontra Lapa<\/title>\n<meta name=\"robots\" content=\"index, follow, max-snippet:-1, max-image-preview:large, max-video-preview:-1\" \/>\n<link rel=\"canonical\" href=\"https:\/\/www.encontralapa.com.br\/sobre\/semana-de-caos-em-sp-ventania-historica-derruba-energia-afeta-aeroportos-e-gera-prejuizo-bilionario\/\" \/>\n<meta property=\"og:locale\" content=\"pt_BR\" \/>\n<meta property=\"og:type\" content=\"article\" \/>\n<meta property=\"og:title\" content=\"Semana de caos em SP: ventania hist\u00f3rica derruba energia, afeta aeroportos e gera preju\u00edzo bilion\u00e1rio - Encontra Lapa\" \/>\n<meta property=\"og:description\" content=\"Ventania em SP causa caos: saiba como isso afetou a cidade.\" \/>\n<meta property=\"og:url\" content=\"https:\/\/www.encontralapa.com.br\/sobre\/semana-de-caos-em-sp-ventania-historica-derruba-energia-afeta-aeroportos-e-gera-prejuizo-bilionario\/\" \/>\n<meta property=\"og:site_name\" content=\"Encontra Lapa\" \/>\n<meta property=\"article:published_time\" content=\"2025-12-16T15:39:00+00:00\" \/>\n<meta name=\"author\" content=\"Encontra Lapa\" \/>\n<meta name=\"twitter:card\" content=\"summary_large_image\" \/>\n<meta name=\"twitter:label1\" content=\"Escrito por\" \/>\n\t<meta name=\"twitter:data1\" content=\"Encontra Lapa\" \/>\n\t<meta name=\"twitter:label2\" content=\"Est. tempo de leitura\" \/>\n\t<meta name=\"twitter:data2\" content=\"7 minutos\" \/>\n<script type=\"application\/ld+json\" class=\"yoast-schema-graph\">{\"@context\":\"https:\/\/schema.org\",\"@graph\":[{\"@type\":\"WebPage\",\"@id\":\"https:\/\/www.encontralapa.com.br\/sobre\/semana-de-caos-em-sp-ventania-historica-derruba-energia-afeta-aeroportos-e-gera-prejuizo-bilionario\/\",\"url\":\"https:\/\/www.encontralapa.com.br\/sobre\/semana-de-caos-em-sp-ventania-historica-derruba-energia-afeta-aeroportos-e-gera-prejuizo-bilionario\/\",\"name\":\"Semana de caos em SP: ventania hist\u00f3rica derruba energia, afeta aeroportos e gera preju\u00edzo bilion\u00e1rio - Encontra Lapa\",\"isPartOf\":{\"@id\":\"https:\/\/www.encontralapa.com.br\/sobre\/#website\"},\"datePublished\":\"2025-12-16T15:39:00+00:00\",\"author\":{\"@id\":\"https:\/\/www.encontralapa.com.br\/sobre\/#\/schema\/person\/8b7ec9c81d35680491eb563abaeccac7\"},\"breadcrumb\":{\"@id\":\"https:\/\/www.encontralapa.com.br\/sobre\/semana-de-caos-em-sp-ventania-historica-derruba-energia-afeta-aeroportos-e-gera-prejuizo-bilionario\/#breadcrumb\"},\"inLanguage\":\"pt-BR\",\"potentialAction\":[{\"@type\":\"ReadAction\",\"target\":[\"https:\/\/www.encontralapa.com.br\/sobre\/semana-de-caos-em-sp-ventania-historica-derruba-energia-afeta-aeroportos-e-gera-prejuizo-bilionario\/\"]}]},{\"@type\":\"BreadcrumbList\",\"@id\":\"https:\/\/www.encontralapa.com.br\/sobre\/semana-de-caos-em-sp-ventania-historica-derruba-energia-afeta-aeroportos-e-gera-prejuizo-bilionario\/#breadcrumb\",\"itemListElement\":[{\"@type\":\"ListItem\",\"position\":1,\"name\":\"In\u00edcio\",\"item\":\"https:\/\/www.encontralapa.com.br\/sobre\/\"},{\"@type\":\"ListItem\",\"position\":2,\"name\":\"Semana de caos em SP: ventania hist\u00f3rica derruba energia, afeta aeroportos e gera preju\u00edzo bilion\u00e1rio\"}]},{\"@type\":\"WebSite\",\"@id\":\"https:\/\/www.encontralapa.com.br\/sobre\/#website\",\"url\":\"https:\/\/www.encontralapa.com.br\/sobre\/\",\"name\":\"Encontra Lapa\",\"description\":\"Not\u00edcias, eventos, informa\u00e7\u00f5es e dicas no bairro Lapa e regi\u00e3o.\",\"potentialAction\":[{\"@type\":\"SearchAction\",\"target\":{\"@type\":\"EntryPoint\",\"urlTemplate\":\"https:\/\/www.encontralapa.com.br\/sobre\/?s={search_term_string}\"},\"query-input\":{\"@type\":\"PropertyValueSpecification\",\"valueRequired\":true,\"valueName\":\"search_term_string\"}}],\"inLanguage\":\"pt-BR\"},{\"@type\":\"Person\",\"@id\":\"https:\/\/www.encontralapa.com.br\/sobre\/#\/schema\/person\/8b7ec9c81d35680491eb563abaeccac7\",\"name\":\"Encontra Lapa\",\"image\":{\"@type\":\"ImageObject\",\"inLanguage\":\"pt-BR\",\"@id\":\"https:\/\/www.encontralapa.com.br\/sobre\/#\/schema\/person\/image\/\",\"url\":\"https:\/\/secure.gravatar.com\/avatar\/0fbed662e37531ae23e68f85f9517b2454e50c1dfebf80eb9b721449ac95e0b9?s=96&d=mm&r=g\",\"contentUrl\":\"https:\/\/secure.gravatar.com\/avatar\/0fbed662e37531ae23e68f85f9517b2454e50c1dfebf80eb9b721449ac95e0b9?s=96&d=mm&r=g\",\"caption\":\"Encontra Lapa\"},\"url\":\"https:\/\/www.encontralapa.com.br\/sobre\/author\/elapa\/\"}]}<\/script>\n<!-- \/ Yoast SEO plugin. -->","yoast_head_json":{"title":"Semana de caos em SP: ventania hist\u00f3rica derruba energia, afeta aeroportos e gera preju\u00edzo bilion\u00e1rio - Encontra Lapa","robots":{"index":"index","follow":"follow","max-snippet":"max-snippet:-1","max-image-preview":"max-image-preview:large","max-video-preview":"max-video-preview:-1"},"canonical":"https:\/\/www.encontralapa.com.br\/sobre\/semana-de-caos-em-sp-ventania-historica-derruba-energia-afeta-aeroportos-e-gera-prejuizo-bilionario\/","og_locale":"pt_BR","og_type":"article","og_title":"Semana de caos em SP: ventania hist\u00f3rica derruba energia, afeta aeroportos e gera preju\u00edzo bilion\u00e1rio - Encontra Lapa","og_description":"Ventania em SP causa caos: saiba como isso afetou a cidade.","og_url":"https:\/\/www.encontralapa.com.br\/sobre\/semana-de-caos-em-sp-ventania-historica-derruba-energia-afeta-aeroportos-e-gera-prejuizo-bilionario\/","og_site_name":"Encontra Lapa","article_published_time":"2025-12-16T15:39:00+00:00","author":"Encontra Lapa","twitter_card":"summary_large_image","twitter_misc":{"Escrito por":"Encontra Lapa","Est. tempo de leitura":"7 minutos"},"schema":{"@context":"https:\/\/schema.org","@graph":[{"@type":"WebPage","@id":"https:\/\/www.encontralapa.com.br\/sobre\/semana-de-caos-em-sp-ventania-historica-derruba-energia-afeta-aeroportos-e-gera-prejuizo-bilionario\/","url":"https:\/\/www.encontralapa.com.br\/sobre\/semana-de-caos-em-sp-ventania-historica-derruba-energia-afeta-aeroportos-e-gera-prejuizo-bilionario\/","name":"Semana de caos em SP: ventania hist\u00f3rica derruba energia, afeta aeroportos e gera preju\u00edzo bilion\u00e1rio - Encontra Lapa","isPartOf":{"@id":"https:\/\/www.encontralapa.com.br\/sobre\/#website"},"datePublished":"2025-12-16T15:39:00+00:00","author":{"@id":"https:\/\/www.encontralapa.com.br\/sobre\/#\/schema\/person\/8b7ec9c81d35680491eb563abaeccac7"},"breadcrumb":{"@id":"https:\/\/www.encontralapa.com.br\/sobre\/semana-de-caos-em-sp-ventania-historica-derruba-energia-afeta-aeroportos-e-gera-prejuizo-bilionario\/#breadcrumb"},"inLanguage":"pt-BR","potentialAction":[{"@type":"ReadAction","target":["https:\/\/www.encontralapa.com.br\/sobre\/semana-de-caos-em-sp-ventania-historica-derruba-energia-afeta-aeroportos-e-gera-prejuizo-bilionario\/"]}]},{"@type":"BreadcrumbList","@id":"https:\/\/www.encontralapa.com.br\/sobre\/semana-de-caos-em-sp-ventania-historica-derruba-energia-afeta-aeroportos-e-gera-prejuizo-bilionario\/#breadcrumb","itemListElement":[{"@type":"ListItem","position":1,"name":"In\u00edcio","item":"https:\/\/www.encontralapa.com.br\/sobre\/"},{"@type":"ListItem","position":2,"name":"Semana de caos em SP: ventania hist\u00f3rica derruba energia, afeta aeroportos e gera preju\u00edzo bilion\u00e1rio"}]},{"@type":"WebSite","@id":"https:\/\/www.encontralapa.com.br\/sobre\/#website","url":"https:\/\/www.encontralapa.com.br\/sobre\/","name":"Encontra Lapa","description":"Not\u00edcias, eventos, informa\u00e7\u00f5es e dicas no bairro Lapa e regi\u00e3o.","potentialAction":[{"@type":"SearchAction","target":{"@type":"EntryPoint","urlTemplate":"https:\/\/www.encontralapa.com.br\/sobre\/?s={search_term_string}"},"query-input":{"@type":"PropertyValueSpecification","valueRequired":true,"valueName":"search_term_string"}}],"inLanguage":"pt-BR"},{"@type":"Person","@id":"https:\/\/www.encontralapa.com.br\/sobre\/#\/schema\/person\/8b7ec9c81d35680491eb563abaeccac7","name":"Encontra Lapa","image":{"@type":"ImageObject","inLanguage":"pt-BR","@id":"https:\/\/www.encontralapa.com.br\/sobre\/#\/schema\/person\/image\/","url":"https:\/\/secure.gravatar.com\/avatar\/0fbed662e37531ae23e68f85f9517b2454e50c1dfebf80eb9b721449ac95e0b9?s=96&d=mm&r=g","contentUrl":"https:\/\/secure.gravatar.com\/avatar\/0fbed662e37531ae23e68f85f9517b2454e50c1dfebf80eb9b721449ac95e0b9?s=96&d=mm&r=g","caption":"Encontra Lapa"},"url":"https:\/\/www.encontralapa.com.br\/sobre\/author\/elapa\/"}]}},"_links":{"self":[{"href":"https:\/\/www.encontralapa.com.br\/sobre\/wp-json\/wp\/v2\/posts\/31505","targetHints":{"allow":["GET"]}}],"collection":[{"href":"https:\/\/www.encontralapa.com.br\/sobre\/wp-json\/wp\/v2\/posts"}],"about":[{"href":"https:\/\/www.encontralapa.com.br\/sobre\/wp-json\/wp\/v2\/types\/post"}],"author":[{"embeddable":true,"href":"https:\/\/www.encontralapa.com.br\/sobre\/wp-json\/wp\/v2\/users\/1"}],"replies":[{"embeddable":true,"href":"https:\/\/www.encontralapa.com.br\/sobre\/wp-json\/wp\/v2\/comments?post=31505"}],"version-history":[{"count":0,"href":"https:\/\/www.encontralapa.com.br\/sobre\/wp-json\/wp\/v2\/posts\/31505\/revisions"}],"wp:attachment":[{"href":"https:\/\/www.encontralapa.com.br\/sobre\/wp-json\/wp\/v2\/media?parent=31505"}],"wp:term":[{"taxonomy":"category","embeddable":true,"href":"https:\/\/www.encontralapa.com.br\/sobre\/wp-json\/wp\/v2\/categories?post=31505"},{"taxonomy":"post_tag","embeddable":true,"href":"https:\/\/www.encontralapa.com.br\/sobre\/wp-json\/wp\/v2\/tags?post=31505"}],"curies":[{"name":"wp","href":"https:\/\/api.w.org\/{rel}","templated":true}]}}