{"id":11358,"date":"2012-04-09T18:29:38","date_gmt":"2012-04-09T21:29:38","guid":{"rendered":"http:\/\/www.encontralapa.com.br\/blog\/?p=11358"},"modified":"2019-04-15T09:51:15","modified_gmt":"2019-04-15T12:51:15","slug":"ladroes-de-carros-sao-presos-na-lapa","status":"publish","type":"post","link":"https:\/\/www.encontralapa.com.br\/sobre\/ladroes-de-carros-sao-presos-na-lapa\/","title":{"rendered":"Ladr\u00f5es de carros s\u00e3o presos na Lapa"},"content":{"rendered":"<div class=\"1de5f6e57d654156b3d0cb31ae6c7c01\" data-index=\"1\" style=\"float: none; margin:0px;\">\n<!-- Anuncio display - global -->\r\n<ins class=\"adsbygoogle\"\r\n     style=\"display:block\"\r\n     data-ad-client=\"ca-pub-8585364105181520\"\r\n     data-ad-slot=\"8789329856\"\r\n     data-ad-format=\"auto\"\r\n     data-full-width-responsive=\"true\"><\/ins>\r\n<script>\r\n     (adsbygoogle = window.adsbygoogle || []).push({});\r\n<\/script>\n<\/div>\n<p>Dois jovens, de 17 e 20 anos, foram presos ap\u00f3s persegui\u00e7\u00e3o da PM que acabou em troca de tiros e um acidente que deixou um manobrista ferido, na Lapa, zona oeste de SP, na madrugada de quinta-feira (05). Um terceiro suspeito fugiu ap\u00f3s a batida do carro roubado.<\/p>\n<p>De acordo com o boletim de ocorr\u00eancia, registrado na central de flagrantes do 91.\u00ba DP (Ceagesp), o adolescente estava dirigindo um Corolla, com placas frias, na Rua Ricardo Cavatton, na Lapa, quando foi surpreendido pelos policiais. Ele n\u00e3o reagiu \u00e0 pris\u00e3o. O Corolla havia sido furtado no domingo, na regi\u00e3o do 33.\u00ba DP (Pirituba), na zona norte. O carro estava com as placas trocadas.<\/p>\n<p>Em seguida, dois suspeitos entraram em um Peugeot 307 prata. O motorista desobedeceu a ordem de parada e teve in\u00edcio a persegui\u00e7\u00e3o. Na esquina com a Ermano Marchetti, o ve\u00edculo colidiu com um Fox, que era manobrado por um funcion\u00e1rio do Bar Lucena. \u201cNeste momento houve v\u00e1rios tiros. Por infelicidade, nosso funcion\u00e1rio estava indo buscar o carro de um cliente e foi atingido pelo carro durante a persegui\u00e7\u00e3o com a pol\u00edcia. Ele teve um ferimento na cabe\u00e7a, mas est\u00e1 bem\u201d, disse Nelcil Chiesa, de 45 anos, gerente do local.<\/p>\n<p>Ap\u00f3s bater de frente com o Fox, os dois suspeitos tentaram fugir a p\u00e9. Houve troca de tiros com a PM. O suspeito Jos\u00e9 Fabr\u00edcio Vieira Ferreira, de 20 anos, foi baleado na perna. O outro ladr\u00e3o fugiu.\u00a0 Ferreira e o adolescente foram indiciados por recepta\u00e7\u00e3o, j\u00e1 que n\u00e3o foram reconhecidos pelas v\u00edtimas. O Peugeot foi furtado na ter\u00e7a-feira, na regi\u00e3o do 9.\u00ba DP (Carandiru), tamb\u00e9m na zona norte. O adolescente foi encaminhado para a Funda\u00e7\u00e3o Casa. Ferreira est\u00e1 internado na Santa Casa de Miseric\u00f3rdia sob escolta da PM.<\/p>\n<p><em>Fonte: Jornal da Tarde<\/em><\/p>\n\n<div style=\"font-size: 0px; height: 0px; line-height: 0px; margin: 0; padding: 0; clear: both;\"><\/div>","protected":false},"excerpt":{"rendered":"<p>Dois jovens, de 17 e 20 anos, foram presos ap\u00f3s persegui\u00e7\u00e3o da PM que acabou em troca de tiros e um acidente que deixou um manobrista ferido, na Lapa, zona oeste de SP, na madrugada de quinta-feira (05). Um terceiro suspeito fugiu ap\u00f3s a batida do carro roubado. De acordo com o boletim de ocorr\u00eancia, registrado na central de flagrantes do 91.\u00ba DP (Ceagesp), o adolescente estava dirigindo um Corolla, com placas frias, na Rua Ricardo Cavatton, na Lapa, quando foi surpreendido pelos policiais. Ele n\u00e3o reagiu \u00e0 pris\u00e3o. O Corolla havia sido furtado no domingo, na regi\u00e3o do 33.\u00ba <\/p>\n","protected":false},"author":1,"featured_media":0,"comment_status":"open","ping_status":"closed","sticky":false,"template":"","format":"standard","meta":{"footnotes":""},"categories":[3],"tags":[13],"class_list":["post-11358","post","type-post","status-publish","format-standard","hentry","category-noticias-na-lapa","tag-lapa"],"yoast_head":"<!-- This site is optimized with the Yoast SEO plugin v26.5 - https:\/\/yoast.com\/wordpress\/plugins\/seo\/ -->\n<title>Ladr\u00f5es de carros s\u00e3o presos na Lapa - Encontra Lapa<\/title>\n<meta name=\"robots\" content=\"index, follow, max-snippet:-1, max-image-preview:large, max-video-preview:-1\" \/>\n<link rel=\"canonical\" href=\"https:\/\/www.encontralapa.com.br\/sobre\/ladroes-de-carros-sao-presos-na-lapa\/\" \/>\n<meta property=\"og:locale\" content=\"pt_BR\" \/>\n<meta property=\"og:type\" content=\"article\" \/>\n<meta property=\"og:title\" content=\"Ladr\u00f5es de carros s\u00e3o presos na Lapa - Encontra Lapa\" \/>\n<meta property=\"og:description\" content=\"Dois jovens, de 17 e 20 anos, foram presos ap\u00f3s persegui\u00e7\u00e3o da PM que acabou em troca de tiros e um acidente que deixou um manobrista ferido, na Lapa, zona oeste de SP, na madrugada de quinta-feira (05). Um terceiro suspeito fugiu ap\u00f3s a batida do carro roubado. De acordo com o boletim de ocorr\u00eancia, registrado na central de flagrantes do 91.\u00ba DP (Ceagesp), o adolescente estava dirigindo um Corolla, com placas frias, na Rua Ricardo Cavatton, na Lapa, quando foi surpreendido pelos policiais. Ele n\u00e3o reagiu \u00e0 pris\u00e3o. O Corolla havia sido furtado no domingo, na regi\u00e3o do 33.\u00ba\" \/>\n<meta property=\"og:url\" content=\"https:\/\/www.encontralapa.com.br\/sobre\/ladroes-de-carros-sao-presos-na-lapa\/\" \/>\n<meta property=\"og:site_name\" content=\"Encontra Lapa\" \/>\n<meta property=\"article:published_time\" content=\"2012-04-09T21:29:38+00:00\" \/>\n<meta property=\"article:modified_time\" content=\"2019-04-15T12:51:15+00:00\" \/>\n<meta name=\"author\" content=\"Encontra Lapa\" \/>\n<meta name=\"twitter:card\" content=\"summary_large_image\" \/>\n<meta name=\"twitter:label1\" content=\"Escrito por\" \/>\n\t<meta name=\"twitter:data1\" content=\"Encontra Lapa\" \/>\n\t<meta name=\"twitter:label2\" content=\"Est. tempo de leitura\" \/>\n\t<meta name=\"twitter:data2\" content=\"2 minutos\" \/>\n<script type=\"application\/ld+json\" class=\"yoast-schema-graph\">{\"@context\":\"https:\/\/schema.org\",\"@graph\":[{\"@type\":\"WebPage\",\"@id\":\"https:\/\/www.encontralapa.com.br\/sobre\/ladroes-de-carros-sao-presos-na-lapa\/\",\"url\":\"https:\/\/www.encontralapa.com.br\/sobre\/ladroes-de-carros-sao-presos-na-lapa\/\",\"name\":\"Ladr\u00f5es de carros s\u00e3o presos na Lapa - Encontra Lapa\",\"isPartOf\":{\"@id\":\"https:\/\/www.encontralapa.com.br\/sobre\/#website\"},\"datePublished\":\"2012-04-09T21:29:38+00:00\",\"dateModified\":\"2019-04-15T12:51:15+00:00\",\"author\":{\"@id\":\"https:\/\/www.encontralapa.com.br\/sobre\/#\/schema\/person\/8b7ec9c81d35680491eb563abaeccac7\"},\"breadcrumb\":{\"@id\":\"https:\/\/www.encontralapa.com.br\/sobre\/ladroes-de-carros-sao-presos-na-lapa\/#breadcrumb\"},\"inLanguage\":\"pt-BR\",\"potentialAction\":[{\"@type\":\"ReadAction\",\"target\":[\"https:\/\/www.encontralapa.com.br\/sobre\/ladroes-de-carros-sao-presos-na-lapa\/\"]}]},{\"@type\":\"BreadcrumbList\",\"@id\":\"https:\/\/www.encontralapa.com.br\/sobre\/ladroes-de-carros-sao-presos-na-lapa\/#breadcrumb\",\"itemListElement\":[{\"@type\":\"ListItem\",\"position\":1,\"name\":\"In\u00edcio\",\"item\":\"https:\/\/www.encontralapa.com.br\/sobre\/\"},{\"@type\":\"ListItem\",\"position\":2,\"name\":\"Ladr\u00f5es de carros s\u00e3o presos na Lapa\"}]},{\"@type\":\"WebSite\",\"@id\":\"https:\/\/www.encontralapa.com.br\/sobre\/#website\",\"url\":\"https:\/\/www.encontralapa.com.br\/sobre\/\",\"name\":\"Encontra Lapa\",\"description\":\"Not\u00edcias, eventos, informa\u00e7\u00f5es e dicas no bairro Lapa e regi\u00e3o.\",\"potentialAction\":[{\"@type\":\"SearchAction\",\"target\":{\"@type\":\"EntryPoint\",\"urlTemplate\":\"https:\/\/www.encontralapa.com.br\/sobre\/?s={search_term_string}\"},\"query-input\":{\"@type\":\"PropertyValueSpecification\",\"valueRequired\":true,\"valueName\":\"search_term_string\"}}],\"inLanguage\":\"pt-BR\"},{\"@type\":\"Person\",\"@id\":\"https:\/\/www.encontralapa.com.br\/sobre\/#\/schema\/person\/8b7ec9c81d35680491eb563abaeccac7\",\"name\":\"Encontra Lapa\",\"image\":{\"@type\":\"ImageObject\",\"inLanguage\":\"pt-BR\",\"@id\":\"https:\/\/www.encontralapa.com.br\/sobre\/#\/schema\/person\/image\/\",\"url\":\"https:\/\/secure.gravatar.com\/avatar\/0fbed662e37531ae23e68f85f9517b2454e50c1dfebf80eb9b721449ac95e0b9?s=96&d=mm&r=g\",\"contentUrl\":\"https:\/\/secure.gravatar.com\/avatar\/0fbed662e37531ae23e68f85f9517b2454e50c1dfebf80eb9b721449ac95e0b9?s=96&d=mm&r=g\",\"caption\":\"Encontra Lapa\"},\"url\":\"https:\/\/www.encontralapa.com.br\/sobre\/author\/elapa\/\"}]}<\/script>\n<!-- \/ Yoast SEO plugin. -->","yoast_head_json":{"title":"Ladr\u00f5es de carros s\u00e3o presos na Lapa - Encontra Lapa","robots":{"index":"index","follow":"follow","max-snippet":"max-snippet:-1","max-image-preview":"max-image-preview:large","max-video-preview":"max-video-preview:-1"},"canonical":"https:\/\/www.encontralapa.com.br\/sobre\/ladroes-de-carros-sao-presos-na-lapa\/","og_locale":"pt_BR","og_type":"article","og_title":"Ladr\u00f5es de carros s\u00e3o presos na Lapa - Encontra Lapa","og_description":"Dois jovens, de 17 e 20 anos, foram presos ap\u00f3s persegui\u00e7\u00e3o da PM que acabou em troca de tiros e um acidente que deixou um manobrista ferido, na Lapa, zona oeste de SP, na madrugada de quinta-feira (05). Um terceiro suspeito fugiu ap\u00f3s a batida do carro roubado. De acordo com o boletim de ocorr\u00eancia, registrado na central de flagrantes do 91.\u00ba DP (Ceagesp), o adolescente estava dirigindo um Corolla, com placas frias, na Rua Ricardo Cavatton, na Lapa, quando foi surpreendido pelos policiais. Ele n\u00e3o reagiu \u00e0 pris\u00e3o. O Corolla havia sido furtado no domingo, na regi\u00e3o do 33.\u00ba","og_url":"https:\/\/www.encontralapa.com.br\/sobre\/ladroes-de-carros-sao-presos-na-lapa\/","og_site_name":"Encontra Lapa","article_published_time":"2012-04-09T21:29:38+00:00","article_modified_time":"2019-04-15T12:51:15+00:00","author":"Encontra Lapa","twitter_card":"summary_large_image","twitter_misc":{"Escrito por":"Encontra Lapa","Est. tempo de leitura":"2 minutos"},"schema":{"@context":"https:\/\/schema.org","@graph":[{"@type":"WebPage","@id":"https:\/\/www.encontralapa.com.br\/sobre\/ladroes-de-carros-sao-presos-na-lapa\/","url":"https:\/\/www.encontralapa.com.br\/sobre\/ladroes-de-carros-sao-presos-na-lapa\/","name":"Ladr\u00f5es de carros s\u00e3o presos na Lapa - Encontra Lapa","isPartOf":{"@id":"https:\/\/www.encontralapa.com.br\/sobre\/#website"},"datePublished":"2012-04-09T21:29:38+00:00","dateModified":"2019-04-15T12:51:15+00:00","author":{"@id":"https:\/\/www.encontralapa.com.br\/sobre\/#\/schema\/person\/8b7ec9c81d35680491eb563abaeccac7"},"breadcrumb":{"@id":"https:\/\/www.encontralapa.com.br\/sobre\/ladroes-de-carros-sao-presos-na-lapa\/#breadcrumb"},"inLanguage":"pt-BR","potentialAction":[{"@type":"ReadAction","target":["https:\/\/www.encontralapa.com.br\/sobre\/ladroes-de-carros-sao-presos-na-lapa\/"]}]},{"@type":"BreadcrumbList","@id":"https:\/\/www.encontralapa.com.br\/sobre\/ladroes-de-carros-sao-presos-na-lapa\/#breadcrumb","itemListElement":[{"@type":"ListItem","position":1,"name":"In\u00edcio","item":"https:\/\/www.encontralapa.com.br\/sobre\/"},{"@type":"ListItem","position":2,"name":"Ladr\u00f5es de carros s\u00e3o presos na Lapa"}]},{"@type":"WebSite","@id":"https:\/\/www.encontralapa.com.br\/sobre\/#website","url":"https:\/\/www.encontralapa.com.br\/sobre\/","name":"Encontra Lapa","description":"Not\u00edcias, eventos, informa\u00e7\u00f5es e dicas no bairro Lapa e regi\u00e3o.","potentialAction":[{"@type":"SearchAction","target":{"@type":"EntryPoint","urlTemplate":"https:\/\/www.encontralapa.com.br\/sobre\/?s={search_term_string}"},"query-input":{"@type":"PropertyValueSpecification","valueRequired":true,"valueName":"search_term_string"}}],"inLanguage":"pt-BR"},{"@type":"Person","@id":"https:\/\/www.encontralapa.com.br\/sobre\/#\/schema\/person\/8b7ec9c81d35680491eb563abaeccac7","name":"Encontra Lapa","image":{"@type":"ImageObject","inLanguage":"pt-BR","@id":"https:\/\/www.encontralapa.com.br\/sobre\/#\/schema\/person\/image\/","url":"https:\/\/secure.gravatar.com\/avatar\/0fbed662e37531ae23e68f85f9517b2454e50c1dfebf80eb9b721449ac95e0b9?s=96&d=mm&r=g","contentUrl":"https:\/\/secure.gravatar.com\/avatar\/0fbed662e37531ae23e68f85f9517b2454e50c1dfebf80eb9b721449ac95e0b9?s=96&d=mm&r=g","caption":"Encontra Lapa"},"url":"https:\/\/www.encontralapa.com.br\/sobre\/author\/elapa\/"}]}},"_links":{"self":[{"href":"https:\/\/www.encontralapa.com.br\/sobre\/wp-json\/wp\/v2\/posts\/11358","targetHints":{"allow":["GET"]}}],"collection":[{"href":"https:\/\/www.encontralapa.com.br\/sobre\/wp-json\/wp\/v2\/posts"}],"about":[{"href":"https:\/\/www.encontralapa.com.br\/sobre\/wp-json\/wp\/v2\/types\/post"}],"author":[{"embeddable":true,"href":"https:\/\/www.encontralapa.com.br\/sobre\/wp-json\/wp\/v2\/users\/1"}],"replies":[{"embeddable":true,"href":"https:\/\/www.encontralapa.com.br\/sobre\/wp-json\/wp\/v2\/comments?post=11358"}],"version-history":[{"count":0,"href":"https:\/\/www.encontralapa.com.br\/sobre\/wp-json\/wp\/v2\/posts\/11358\/revisions"}],"wp:attachment":[{"href":"https:\/\/www.encontralapa.com.br\/sobre\/wp-json\/wp\/v2\/media?parent=11358"}],"wp:term":[{"taxonomy":"category","embeddable":true,"href":"https:\/\/www.encontralapa.com.br\/sobre\/wp-json\/wp\/v2\/categories?post=11358"},{"taxonomy":"post_tag","embeddable":true,"href":"https:\/\/www.encontralapa.com.br\/sobre\/wp-json\/wp\/v2\/tags?post=11358"}],"curies":[{"name":"wp","href":"https:\/\/api.w.org\/{rel}","templated":true}]}}